{"id":4586,"date":"2021-10-08T09:03:32","date_gmt":"2021-10-08T09:03:32","guid":{"rendered":"https:\/\/tvgiurgiu.ro\/?p=4586"},"modified":"2021-10-08T09:03:32","modified_gmt":"2021-10-08T09:03:32","slug":"activitati-de-prevenire-in-unitatile-de-invatamant-din-giurgiu","status":"publish","type":"post","link":"https:\/\/tvgiurgiu.ro\/index.php\/2021\/10\/08\/activitati-de-prevenire-in-unitatile-de-invatamant-din-giurgiu\/","title":{"rendered":"ACTIVIT\u0102\u021aI DE PREVENIRE \u00ceN UNIT\u0102\u021aILE DE \u00ceNV\u0102\u021a\u0102M\u00c2NT DIN  GIURGIU"},"content":{"rendered":"<p>Poli\u021bi\u0219tii din cadrul Biroului de Analiz\u0103 \u0219i Prevenire a Criminalit\u0103\u021bii, Siguran\u021b\u0103 \u0218colar\u0103,<br \/>\nBiroului Rutier, \u00een colaborare cu reprezentan\u021bi din cadrul C.E.P.E.C.A, au desf\u0103\u0219urat \u00een<br \/>\naceast\u0103 s\u0103pt\u0103m\u00e2n\u0103 activit\u0103\u021bi informativ-preventive \u00een unit\u0103\u021bile de \u00eenv\u0103\u021b\u0103m\u00e2nt din jude\u021bul<br \/>\nGiurgiu.<br \/>\nAstfel, la \u00eent\u00e2lnirile cu elevii, poli\u021bi\u0219tii au dezb\u0103tut teme privind modul de identificare \u0219i<br \/>\nprevenire a fenomenului de bullying \u00een unit\u0103\u021bile de \u00eenv\u0103\u021b\u0103m\u00e2nt, precum \u0219i teme viz\u00e2nd<br \/>\nprevenirea violen\u021bei \u00een \u0219coli, a delincven\u021bei juvenile \u0219i a traficului \u0219i consumului de<br \/>\ndroguri.<br \/>\nDe asemenea, au fost transmise informa\u021bii privind comportamentul pe care elevii trebuie<br \/>\ns\u0103 \u00eel adopte \u00een trafic, \u00een calitate de pietoni, pe timpul deplas\u0103rii la\/de la \u0219coal\u0103, \u00een scopul<br \/>\nreducerii victimiz\u0103rii prin implicarea \u00een evenimente rutiere.<br \/>\n\u00cen cadrul discu\u021biilor, elevilor le-a fost prezentat cadrul legislativ aplicabil, preciz\u00e2ndu-se<br \/>\nfaptul c\u0103, \u00eencep\u00e2nd cu v\u00e2rsta de 14 ani, minorii pot r\u0103spunde penal pentru implicarea \u00een<br \/>\ncomiterea faptelor prev\u0103zute de legea penal\u0103.<br \/>\nZilnic, echipaje de poli\u021bie sunt prezente \u00een zona intr\u0103rilor \u00een \u0219coli, \u00een intervalele orare \u00een<br \/>\ncare se efectueaz\u0103 intrarea \u0219i ie\u0219irea de la cursurile elevilor.<br \/>\nPoli\u021bi\u0219tii din cadrul Biroului de Analiz\u0103 \u0219i Prevenire a Criminalit\u0103\u021bii, Siguran\u021b\u0103 \u0218colar\u0103<br \/>\n\u0219i poli\u021bi\u0219tii rutieri vor continua \u00eent\u00e2lnirile preventive cu elevii, \u00een cadrul unit\u0103\u021bilor<br \/>\n\u0219colare.<\/p>\n","protected":false},"excerpt":{"rendered":"<p>Poli\u021bi\u0219tii din cadrul Biroului de Analiz\u0103 \u0219i Prevenire a Criminalit\u0103\u021bii, Siguran\u021b\u0103 \u0218colar\u0103, Biroului Rutier, \u00een colaborare cu reprezentan\u021bi din cadrul C.E.P.E.C.A, au desf\u0103\u0219urat \u00een aceast\u0103 s\u0103pt\u0103m\u00e2n\u0103 activit\u0103\u021bi informativ-preventive \u00een unit\u0103\u021bile de \u00eenv\u0103\u021b\u0103m\u00e2nt din jude\u021bul Giurgiu. Astfel, la \u00eent\u00e2lnirile cu elevii, poli\u021bi\u0219tii au dezb\u0103tut teme privind modul de identificare \u0219i prevenire a fenomenului de bullying \u00een [&hellip;]<\/p>\n","protected":false},"author":1,"featured_media":4587,"comment_status":"open","ping_status":"open","sticky":false,"template":"","format":"standard","meta":{"footnotes":""},"categories":[2],"tags":[],"class_list":["post-4586","post","type-post","status-publish","format-standard","has-post-thumbnail","hentry","category-actualitate"],"_links":{"self":[{"href":"https:\/\/tvgiurgiu.ro\/index.php\/wp-json\/wp\/v2\/posts\/4586","targetHints":{"allow":["GET"]}}],"collection":[{"href":"https:\/\/tvgiurgiu.ro\/index.php\/wp-json\/wp\/v2\/posts"}],"about":[{"href":"https:\/\/tvgiurgiu.ro\/index.php\/wp-json\/wp\/v2\/types\/post"}],"author":[{"embeddable":true,"href":"https:\/\/tvgiurgiu.ro\/index.php\/wp-json\/wp\/v2\/users\/1"}],"replies":[{"embeddable":true,"href":"https:\/\/tvgiurgiu.ro\/index.php\/wp-json\/wp\/v2\/comments?post=4586"}],"version-history":[{"count":0,"href":"https:\/\/tvgiurgiu.ro\/index.php\/wp-json\/wp\/v2\/posts\/4586\/revisions"}],"wp:featuredmedia":[{"embeddable":true,"href":"https:\/\/tvgiurgiu.ro\/index.php\/wp-json\/wp\/v2\/media\/4587"}],"wp:attachment":[{"href":"https:\/\/tvgiurgiu.ro\/index.php\/wp-json\/wp\/v2\/media?parent=4586"}],"wp:term":[{"taxonomy":"category","embeddable":true,"href":"https:\/\/tvgiurgiu.ro\/index.php\/wp-json\/wp\/v2\/categories?post=4586"},{"taxonomy":"post_tag","embeddable":true,"href":"https:\/\/tvgiurgiu.ro\/index.php\/wp-json\/wp\/v2\/tags?post=4586"}],"curies":[{"name":"wp","href":"https:\/\/api.w.org\/{rel}","templated":true}]}}