{"id":4595,"date":"2021-10-08T16:28:42","date_gmt":"2021-10-08T16:28:42","guid":{"rendered":"https:\/\/tvgiurgiu.ro\/?p=4595"},"modified":"2021-10-08T16:28:42","modified_gmt":"2021-10-08T16:28:42","slug":"un-om-are-nevoie-de-sprijinul-nostru-haideti-sa-l-ajutam-pe-george-marcu","status":"publish","type":"post","link":"https:\/\/tvgiurgiu.ro\/index.php\/2021\/10\/08\/un-om-are-nevoie-de-sprijinul-nostru-haideti-sa-l-ajutam-pe-george-marcu\/","title":{"rendered":"Un OM are nevoie de sprijinul nostru. Haide\u0163i s\u0103-l ajut\u0103m pe George Marcu!"},"content":{"rendered":"<p>M-am uitat \u00een ochii lui<span id=\"more-83618\"><\/span> George\u00a0 Marcu, so\u021b \u0219i tat\u0103 de 37 de ani; aflasem ce i s-a \u00eent\u00e2mplat de cur\u00e2nd. Un chip al unui om obi\u0219nuit, dar ai c\u0103rui ochi anun\u021bau teama. Copilul li s-a n\u0103scut prematur, la \u015fase luni\u2026 C\u00e2nd a \u00eemplinit \u015fase luni de via\u021b\u0103 \u0219i trecuser\u0103 de grani\u021ba fricii c\u0103 nu va supravie\u021bui, a fost diagnosticat cu spasme epileptice sindrom WEST.<\/p>\n<p>A urmat tratamente care s\u0103-i dea o nou\u0103 \u0219ans\u0103 la via\u021b\u0103, \u00eencununat de succes.<\/p>\n<p>\u00cens\u0103, ca efect secundar i s-au \u0219ters toate achizi\u021biile de p\u00een\u0103 atunci : abilit\u0103\u021bi de manipulare, de recunoa\u0219tere vizuale din mediul familiar \u0219i familial. La opt luni, p\u0103rin\u021bii \u00eencep lungul \u0219ir al terapiilor: kinetoterapie, logoterapie, \u0219edin\u021be psihologice \u0219i controale de tip neurologic o dat\u0103 la trei luni (\u0219i \u0219tim cu to\u021bii c\u00e2t cost\u0103).<\/p>\n<p><a href=\"https:\/\/www.giurgiuveanul.ro\/stiri\/wp-content\/uploads\/2021\/10\/copil-1.jpg\" rel=\"shadowbox[sbpost-83618];player=img; noopener\" target=\"_blank\"><img loading=\"lazy\" decoding=\"async\" class=\"aligncenter size-large wp-image-83624\" src=\"https:\/\/www.giurgiuveanul.ro\/stiri\/wp-content\/uploads\/2021\/10\/copil-1-560x446.jpg\" sizes=\"auto, (max-width: 560px) 100vw, 560px\" srcset=\"https:\/\/www.giurgiuveanul.ro\/stiri\/wp-content\/uploads\/2021\/10\/copil-1-560x446.jpg 560w, https:\/\/www.giurgiuveanul.ro\/stiri\/wp-content\/uploads\/2021\/10\/copil-1-250x199.jpg 250w, https:\/\/www.giurgiuveanul.ro\/stiri\/wp-content\/uploads\/2021\/10\/copil-1-768x612.jpg 768w, https:\/\/www.giurgiuveanul.ro\/stiri\/wp-content\/uploads\/2021\/10\/copil-1-400x319.jpg 400w, https:\/\/www.giurgiuveanul.ro\/stiri\/wp-content\/uploads\/2021\/10\/copil-1.jpg 1081w\" alt=\"\" width=\"560\" height=\"446\" \/><\/a><\/p>\n<p>Mul\u021bi dintre noi, p\u0103rin\u021bi la r\u00e2ndul nostru, cunoa\u0219tem ce sim\u021bim c\u00e2nd ne sunt puii, bolnavi.<\/p>\n<p>George \u0219i so\u021bia lui nu au cerut ajutor \u0219i sprijin nim\u0103nui\u2026 Au trecut cu bine peste toate acestea, de\u0219i micu\u021bul a r\u0103mas cu imunitatea sc\u0103zut\u0103.<\/p>\n<p>Asta pare c\u0103 este o istorie cu final fericit, dar din p\u0103cate, nu e.<\/p>\n<p>Cu sprijinul vostru, oameni din acela\u0219i ora\u0219 cu George, ar putea fi.<\/p>\n<p>George a fost diagnosticat din \u00eent\u00e2mplare, \u00een urma unui control banal, cu\u00a0 forma\u021biuni tumorale at\u00e2t la ficat, c\u00e2t \u0219i la colon. Acum o lun\u0103. Se pare c\u0103 exist\u0103 de ceva timp, iar cauzele sunt stresul prin care el a trecut.<\/p>\n<p><a href=\"https:\/\/www.giurgiuveanul.ro\/stiri\/wp-content\/uploads\/2021\/10\/copil-3.jpg\" rel=\"shadowbox[sbpost-83618];player=img; noopener\" target=\"_blank\"><img loading=\"lazy\" decoding=\"async\" class=\"aligncenter wp-image-83625\" src=\"https:\/\/www.giurgiuveanul.ro\/stiri\/wp-content\/uploads\/2021\/10\/copil-3-459x450.jpg\" sizes=\"auto, (max-width: 541px) 100vw, 541px\" srcset=\"https:\/\/www.giurgiuveanul.ro\/stiri\/wp-content\/uploads\/2021\/10\/copil-3-459x450.jpg 459w, https:\/\/www.giurgiuveanul.ro\/stiri\/wp-content\/uploads\/2021\/10\/copil-3-250x245.jpg 250w, https:\/\/www.giurgiuveanul.ro\/stiri\/wp-content\/uploads\/2021\/10\/copil-3-768x753.jpg 768w, https:\/\/www.giurgiuveanul.ro\/stiri\/wp-content\/uploads\/2021\/10\/copil-3-400x392.jpg 400w, https:\/\/www.giurgiuveanul.ro\/stiri\/wp-content\/uploads\/2021\/10\/copil-3.jpg 1038w\" alt=\"\" width=\"541\" height=\"530\" \/><\/a><\/p>\n<p>George vrea s\u0103 fie tat\u0103, iar asta \u00eenseamn\u0103 c\u0103 vrea s\u0103 tr\u0103iasc\u0103.<\/p>\n<p>Haide\u021bi s\u0103 punem m\u00e2n\u0103 de la m\u00e2n\u0103, fiecare dintre noi, at\u00e2t c\u00e2t poate, pentru ca George s\u0103 r\u0103m\u00e2n\u0103 tat\u0103 \u0219i so\u021b, el av\u00e2nd nevoie de aproximativ 30.000 de euro, pre\u021bul speran\u021bei sale, la o clinic\u0103 din Turcia.<\/p>\n<p>Contul \u00een care a\u021bi putea contribui este: <strong>RO26RNCB0145063822640003, titular Marcu George,<\/strong><\/p>\n<p><em>P.S.: George, noi, familia de la serviciu, te a\u0219tept\u0103m la pomp\u0103 !<\/em><\/p>\n<div>\nDetalii pe site: <a href=\"https:\/\/www.giurgiuveanul.ro\/stiri\/un-om-are-nevoie-de-sprijinul-nostru-haideti-sa-l-ajutam\/#ixzz78il45Zsu\" target=\"_blank\" rel=\"noopener\">https:\/\/www.giurgiuveanul.ro\/stiri\/un-om-are-nevoie-de-sprijinul-nostru-haideti-sa-l-ajutam\/#ixzz78il45Zsu<\/a><\/div>\n","protected":false},"excerpt":{"rendered":"<p>M-am uitat \u00een ochii lui George\u00a0 Marcu, so\u021b \u0219i tat\u0103 de 37 de ani; aflasem ce i s-a \u00eent\u00e2mplat de cur\u00e2nd. Un chip al unui om obi\u0219nuit, dar ai c\u0103rui ochi anun\u021bau teama. Copilul li s-a n\u0103scut prematur, la \u015fase luni\u2026 C\u00e2nd a \u00eemplinit \u015fase luni de via\u021b\u0103 \u0219i trecuser\u0103 de grani\u021ba fricii c\u0103 nu [&hellip;]<\/p>\n","protected":false},"author":1,"featured_media":4596,"comment_status":"open","ping_status":"open","sticky":false,"template":"","format":"standard","meta":{"footnotes":""},"categories":[2],"tags":[],"class_list":["post-4595","post","type-post","status-publish","format-standard","has-post-thumbnail","hentry","category-actualitate"],"_links":{"self":[{"href":"https:\/\/tvgiurgiu.ro\/index.php\/wp-json\/wp\/v2\/posts\/4595","targetHints":{"allow":["GET"]}}],"collection":[{"href":"https:\/\/tvgiurgiu.ro\/index.php\/wp-json\/wp\/v2\/posts"}],"about":[{"href":"https:\/\/tvgiurgiu.ro\/index.php\/wp-json\/wp\/v2\/types\/post"}],"author":[{"embeddable":true,"href":"https:\/\/tvgiurgiu.ro\/index.php\/wp-json\/wp\/v2\/users\/1"}],"replies":[{"embeddable":true,"href":"https:\/\/tvgiurgiu.ro\/index.php\/wp-json\/wp\/v2\/comments?post=4595"}],"version-history":[{"count":0,"href":"https:\/\/tvgiurgiu.ro\/index.php\/wp-json\/wp\/v2\/posts\/4595\/revisions"}],"wp:featuredmedia":[{"embeddable":true,"href":"https:\/\/tvgiurgiu.ro\/index.php\/wp-json\/wp\/v2\/media\/4596"}],"wp:attachment":[{"href":"https:\/\/tvgiurgiu.ro\/index.php\/wp-json\/wp\/v2\/media?parent=4595"}],"wp:term":[{"taxonomy":"category","embeddable":true,"href":"https:\/\/tvgiurgiu.ro\/index.php\/wp-json\/wp\/v2\/categories?post=4595"},{"taxonomy":"post_tag","embeddable":true,"href":"https:\/\/tvgiurgiu.ro\/index.php\/wp-json\/wp\/v2\/tags?post=4595"}],"curies":[{"name":"wp","href":"https:\/\/api.w.org\/{rel}","templated":true}]}}