{"id":4645,"date":"2021-10-14T06:40:36","date_gmt":"2021-10-14T06:40:36","guid":{"rendered":"https:\/\/tvgiurgiu.ro\/?p=4645"},"modified":"2021-10-14T06:40:36","modified_gmt":"2021-10-14T06:40:36","slug":"cetatean-bulgar-arestat-preventiv","status":"publish","type":"post","link":"https:\/\/tvgiurgiu.ro\/index.php\/2021\/10\/14\/cetatean-bulgar-arestat-preventiv\/","title":{"rendered":"CET\u0102\u021aEAN BULGAR, ARESTAT PREVENTIV"},"content":{"rendered":"<p>La data de 11 octombrie a.c., ora 01.50, pe D.N. 61, \u00een comuna Buc\u0219ani, jude\u021bul<br \/>\nGiurgiu, a avut loc un eveniment rutier, \u00een care au fost implicate dou\u0103 autovehicule,<br \/>\nrespectiv un autoturism \u0219i un autotren.<br \/>\n\u00cen urma evenimentului rutier a rezultat decesul a dou\u0103 persoane, respectiv un b\u0103rbat de<br \/>\n43 de ani \u0219i o femeie de 47 de ani, cet\u0103\u021beni bulgari, pasageri \u00een autoturism.<br \/>\nDe asemenea, a rezultat r\u0103nirea a trei persoane, respectiv o femeie de 52 de ani \u0219i doi<br \/>\nb\u0103rba\u021bi de 60 \u0219i 62 de ani, cet\u0103\u021beni bulgari, pasageri \u00een autoturism.<br \/>\nCei doi conduc\u0103tori auto, respectiv un b\u0103rbat de 44 de ani, cet\u0103\u021bean turc \u0219i un b\u0103rbat de<br \/>\n34 de ani, cet\u0103\u021bean bulgar, au fost testa\u021bi cu aparatul alcooltest, rezultatele fiind 0.<br \/>\nTotodat\u0103, \u00een urma verific\u0103rilor efectuate de c\u0103tre poli\u021bi\u0219ti, s-a stabilit faptul c\u0103 \u0219oferul<br \/>\nautoturismului, cet\u0103\u021beanul bulgar, nu de\u021binea permis de conducere.<br \/>\nLa data de 11 octombrie a.c., \u00een baza probatoriului administrat, sub coordonarea<br \/>\nprocurorului din cadrul Parchetului de pe l\u00e2ng\u0103 Judec\u0103toria Bolintin Vale s-a dispus<br \/>\nefectuarea \u00een continuare a urm\u0103ririi penale fa\u021b\u0103 de b\u0103rbatul \u00een cauz\u0103, pentru s\u0103v\u00e2r\u0219irea<br \/>\ninfrac\u021biunilor de ucidere din culp\u0103, v\u0103t\u0103mare corporal\u0103 din culp\u0103 \u0219i conducerea unui<br \/>\nautovehicul f\u0103r\u0103 a poseda permis de conducere.<br \/>\nTot la data de 11 octombrie a.c., b\u0103rbatul \u00een cauz\u0103 a fost re\u021binut pentru 24 de ore,<br \/>\nulterior, la data de 12 octombrie a.c., judec\u0103torul de drepturi \u0219i libert\u0103\u021bi din cadrul<br \/>\nJudec\u0103toriei Bolintin Vale a dispus fa\u021b\u0103 de acesta arestarea preventiv\u0103 pentru o perioad\u0103<br \/>\nde 30 zile, fiind depus \u00een Centrul de Re\u021binere \u0219i Arest Preventiv Giurgiu.<\/p>\n","protected":false},"excerpt":{"rendered":"<p>La data de 11 octombrie a.c., ora 01.50, pe D.N. 61, \u00een comuna Buc\u0219ani, jude\u021bul Giurgiu, a avut loc un eveniment rutier, \u00een care au fost implicate dou\u0103 autovehicule, respectiv un autoturism \u0219i un autotren. \u00cen urma evenimentului rutier a rezultat decesul a dou\u0103 persoane, respectiv un b\u0103rbat de 43 de ani \u0219i o femeie [&hellip;]<\/p>\n","protected":false},"author":1,"featured_media":4646,"comment_status":"open","ping_status":"open","sticky":false,"template":"","format":"standard","meta":{"footnotes":""},"categories":[2],"tags":[],"class_list":["post-4645","post","type-post","status-publish","format-standard","has-post-thumbnail","hentry","category-actualitate"],"_links":{"self":[{"href":"https:\/\/tvgiurgiu.ro\/index.php\/wp-json\/wp\/v2\/posts\/4645","targetHints":{"allow":["GET"]}}],"collection":[{"href":"https:\/\/tvgiurgiu.ro\/index.php\/wp-json\/wp\/v2\/posts"}],"about":[{"href":"https:\/\/tvgiurgiu.ro\/index.php\/wp-json\/wp\/v2\/types\/post"}],"author":[{"embeddable":true,"href":"https:\/\/tvgiurgiu.ro\/index.php\/wp-json\/wp\/v2\/users\/1"}],"replies":[{"embeddable":true,"href":"https:\/\/tvgiurgiu.ro\/index.php\/wp-json\/wp\/v2\/comments?post=4645"}],"version-history":[{"count":0,"href":"https:\/\/tvgiurgiu.ro\/index.php\/wp-json\/wp\/v2\/posts\/4645\/revisions"}],"wp:featuredmedia":[{"embeddable":true,"href":"https:\/\/tvgiurgiu.ro\/index.php\/wp-json\/wp\/v2\/media\/4646"}],"wp:attachment":[{"href":"https:\/\/tvgiurgiu.ro\/index.php\/wp-json\/wp\/v2\/media?parent=4645"}],"wp:term":[{"taxonomy":"category","embeddable":true,"href":"https:\/\/tvgiurgiu.ro\/index.php\/wp-json\/wp\/v2\/categories?post=4645"},{"taxonomy":"post_tag","embeddable":true,"href":"https:\/\/tvgiurgiu.ro\/index.php\/wp-json\/wp\/v2\/tags?post=4645"}],"curies":[{"name":"wp","href":"https:\/\/api.w.org\/{rel}","templated":true}]}}