{"id":4756,"date":"2021-10-29T08:02:06","date_gmt":"2021-10-29T08:02:06","guid":{"rendered":"https:\/\/tvgiurgiu.ro\/?p=4756"},"modified":"2021-10-29T08:02:06","modified_gmt":"2021-10-29T08:02:06","slug":"doi-cetateni-straini-opriti-din-drumul-ilegal-catre-norvegia","status":"publish","type":"post","link":"https:\/\/tvgiurgiu.ro\/index.php\/2021\/10\/29\/doi-cetateni-straini-opriti-din-drumul-ilegal-catre-norvegia\/","title":{"rendered":"Doi cet\u0103\u021beni str\u0103ini opri\u021bi din drumul ilegal c\u0103tre Norvegia"},"content":{"rendered":"<p><em>Doi cet\u0103\u0163eni sirieni <\/em><em>au fost depista\u0163i de c\u0103tre poli\u0163i\u015ftii de frontier\u0103 giurgiuveni,<\/em> <em>ascun\u0219i \u00een compartimentul marf\u0103 al unui ansamblu rutier \u00eenc\u0103rcat cu vat\u0103 mineral\u0103. Ace\u0219tia inten\u021bionau s\u0103 ajung\u0103 ilegal \u00een Norvegia.<\/em><\/p>\n<p><em>\u00a0<\/em><\/p>\n<p>\u00cen cursul acestei nop\u021bi, la <strong>Punctul de Trecere a Frontierei Giurgiu<\/strong>, s-a prezentat pentru efectuarea formalit\u0103\u021bilor de frontier\u0103 un cet\u0103\u021bean rom\u00e2n, \u00een v\u00e2rst\u0103 de 27 de ani, care conducea un ansamblu rutier. \u0218oferul transporta, conform documentelor de \u00eenso\u021bire a m\u0103rfii, vat\u0103 mineral\u0103 din Turcia pentru o societate din municipiul Bucure\u0219ti.<\/p>\n<p><strong>Proced\u00e2nd la verificarea mijlocului de transport cu aparatura de detec\u021bie din dotare, poli\u021bi\u0219tii de frontier\u0103 au observat c\u0103 sonda de m\u0103surare a valorilor de dioxid de carbon indic\u0103 o valoare mare de concentra\u021bie \u00een remorca TIR-ului.<\/strong><\/p>\n<p>Astfel, a fost deschis compartimentul pentru marf\u0103 al mijlocului de transport, iar \u00een interior, printre bunurile transportate, au fost descoperite ascunse dou\u0103 persoane, o femeie \u0219i un b\u0103rbat.<\/p>\n<p>\u00cen cadrul cercet\u0103rilor s-a stabilit faptul c\u0103 persoanele depistate sunt cet\u0103\u0163eni sirieni, o t\u00e2nar\u0103 \u00een v\u00e2rst\u0103 de 17, respectiv un b\u0103rbat de 37 de ani.<\/p>\n<p>Cei doi au declarat poli\u021bi\u0219tilor faptul c\u0103 s-au urcat \u00een mijlocul de transport \u00een timp ce se aflau pe teritoriul Turciei, f\u0103r\u0103 ca \u0219oferul s\u0103 aib\u0103 cuno\u0219tin\u021b\u0103 despre acest aspect. Cet\u0103\u0163enii sirieni inten\u021bionau s\u0103 ajung\u0103 \u00een Norvegia.<\/p>\n<p>\u00cen acest context, poli\u021bi\u0219tii de frontier\u0103 au procedat la \u00eentreruperea c\u0103l\u0103toriei persoanelor depistate ascunse, iar conform protocolului rom\u00e2no-bulgar, acestea au fost preluate de c\u0103tre autorit\u0103\u0163ile bulgare, \u00een vederea continu\u0103rii cercet\u0103rilor \u015fi dispunerii m\u0103surilor legale ce se impun.<\/p>\n","protected":false},"excerpt":{"rendered":"<p>Doi cet\u0103\u0163eni sirieni au fost depista\u0163i de c\u0103tre poli\u0163i\u015ftii de frontier\u0103 giurgiuveni, ascun\u0219i \u00een compartimentul marf\u0103 al unui ansamblu rutier \u00eenc\u0103rcat cu vat\u0103 mineral\u0103. Ace\u0219tia inten\u021bionau s\u0103 ajung\u0103 ilegal \u00een Norvegia. \u00a0 \u00cen cursul acestei nop\u021bi, la Punctul de Trecere a Frontierei Giurgiu, s-a prezentat pentru efectuarea formalit\u0103\u021bilor de frontier\u0103 un cet\u0103\u021bean rom\u00e2n, \u00een v\u00e2rst\u0103 [&hellip;]<\/p>\n","protected":false},"author":1,"featured_media":4757,"comment_status":"open","ping_status":"open","sticky":false,"template":"","format":"standard","meta":{"footnotes":""},"categories":[2,23],"tags":[],"class_list":["post-4756","post","type-post","status-publish","format-standard","has-post-thumbnail","hentry","category-actualitate","category-stiri"],"_links":{"self":[{"href":"https:\/\/tvgiurgiu.ro\/index.php\/wp-json\/wp\/v2\/posts\/4756","targetHints":{"allow":["GET"]}}],"collection":[{"href":"https:\/\/tvgiurgiu.ro\/index.php\/wp-json\/wp\/v2\/posts"}],"about":[{"href":"https:\/\/tvgiurgiu.ro\/index.php\/wp-json\/wp\/v2\/types\/post"}],"author":[{"embeddable":true,"href":"https:\/\/tvgiurgiu.ro\/index.php\/wp-json\/wp\/v2\/users\/1"}],"replies":[{"embeddable":true,"href":"https:\/\/tvgiurgiu.ro\/index.php\/wp-json\/wp\/v2\/comments?post=4756"}],"version-history":[{"count":0,"href":"https:\/\/tvgiurgiu.ro\/index.php\/wp-json\/wp\/v2\/posts\/4756\/revisions"}],"wp:featuredmedia":[{"embeddable":true,"href":"https:\/\/tvgiurgiu.ro\/index.php\/wp-json\/wp\/v2\/media\/4757"}],"wp:attachment":[{"href":"https:\/\/tvgiurgiu.ro\/index.php\/wp-json\/wp\/v2\/media?parent=4756"}],"wp:term":[{"taxonomy":"category","embeddable":true,"href":"https:\/\/tvgiurgiu.ro\/index.php\/wp-json\/wp\/v2\/categories?post=4756"},{"taxonomy":"post_tag","embeddable":true,"href":"https:\/\/tvgiurgiu.ro\/index.php\/wp-json\/wp\/v2\/tags?post=4756"}],"curies":[{"name":"wp","href":"https:\/\/api.w.org\/{rel}","templated":true}]}}