{"id":533,"date":"2020-11-19T12:27:45","date_gmt":"2020-11-19T12:27:45","guid":{"rendered":"https:\/\/tvgiurgiu.ro\/?p=533"},"modified":"2020-11-19T12:27:45","modified_gmt":"2020-11-19T12:27:45","slug":"astazi-de-la-ora-1800-gala-de-inchidere-a-festivalului-ecofest-romania-2020","status":"publish","type":"post","link":"https:\/\/tvgiurgiu.ro\/index.php\/2020\/11\/19\/astazi-de-la-ora-1800-gala-de-inchidere-a-festivalului-ecofest-romania-2020\/","title":{"rendered":"Ast\u0103zi de la ora 18,00 &#8211; Gala de \u00cenchidere a Festivalului ECOFEST ROM\u00c2NIA 2020"},"content":{"rendered":"<p><span class=\"d2edcug0 hpfvmrgz qv66sw1b c1et5uql rrkovp55 a8c37x1j keod5gw0 nxhoafnm aigsh9s9 d3f4x2em fe6kdd0r mau55g9w c8b282yb iv3no6db jq4qci2q a3bd9o3v knj5qynh oo9gr5id\" dir=\"auto\">Vom afla filmele c\u00e2\u0219tig\u0103toare ale premiilor acordate de juriul de specialitate dar si Marele Premiu acordat de Juriul Elevilor.<br \/>\nApoi vom merge Pe Urmele Lupului &#8211; un film marca Dan Curean.<\/p>\n<p>Pe urmele lupului \/ In the Footsteps of the Wolf &#8211; 2018<\/p>\n<p>Regia\/Director: Dan Curean,<br \/>\nProduc\u0103tor\/Producer :Dan P\u0103v\u0103loiu<br \/>\nCu\/Cast: Ivan Farkas \u0219i Dan P\u0103valoiu<br \/>\nRedactor\/Reviewer : Radu Puscas<br \/>\nImagine\/Photography : Dan Curean, Ivan Farkas<br \/>\nImagini aeriene\/ Air camera : Peter Lengyel<br \/>\nMontaj\/Editors : Dan Curean,Adrian Olar<br \/>\nProductie :TVR CLUJ<br \/>\nDurata\/Duration \u2013 50 min.<\/p>\n<p>Pe teritoriul Rom\u00e2niei, \u00een arcul Carpatic, tr\u0103ieste un animal, tainic \u0219i fascinant, de unii ur\u00e2t, de al\u021bii iubit, despre care s-au scris multe dar se \u0219tie pu\u021bin: lupul.<br \/>\nFilmul prezint\u0103 aventura cunoscutului om de televiziune Dan P\u0103v\u0103loiu, autor a seriei Natura \u0219i Aventura de pe TVR 2 , \u00een \u00eencercarea de a filma lupii din Muntii Apuseni.<br \/>\nMaterialul a fost foarte solicitant pentru realizatori, care au dormit c\u00e2teva nop\u021bi \u00eentr-o sur\u0103, pe crestele Mun\u021bilor Apuseni, la minus 25 de grade. \u00centr-un final, au reu\u0219it s\u0103 surprind\u0103 animalul care d\u0103 numele documentarului.<br \/>\nPalmres: &#8222;Cel Mai Bun Film Rom\u00e2nesc&#8221; , Alpinfilmfest &#8222;Pe urmele lupului&#8221;- Alpin film festival- 2018<\/span><\/p>\n","protected":false},"excerpt":{"rendered":"<p>Vom afla filmele c\u00e2\u0219tig\u0103toare ale premiilor acordate de juriul de specialitate dar si Marele Premiu acordat de Juriul Elevilor. Apoi vom merge Pe Urmele Lupului &#8211; un film marca Dan Curean. Pe urmele lupului \/ In the Footsteps of the Wolf &#8211; 2018 Regia\/Director: Dan Curean, Produc\u0103tor\/Producer :Dan P\u0103v\u0103loiu Cu\/Cast: Ivan Farkas \u0219i Dan P\u0103valoiu [&hellip;]<\/p>\n","protected":false},"author":1,"featured_media":534,"comment_status":"open","ping_status":"open","sticky":false,"template":"","format":"standard","meta":{"footnotes":""},"categories":[5],"tags":[],"class_list":["post-533","post","type-post","status-publish","format-standard","has-post-thumbnail","hentry","category-cultura-giurgiu"],"_links":{"self":[{"href":"https:\/\/tvgiurgiu.ro\/index.php\/wp-json\/wp\/v2\/posts\/533","targetHints":{"allow":["GET"]}}],"collection":[{"href":"https:\/\/tvgiurgiu.ro\/index.php\/wp-json\/wp\/v2\/posts"}],"about":[{"href":"https:\/\/tvgiurgiu.ro\/index.php\/wp-json\/wp\/v2\/types\/post"}],"author":[{"embeddable":true,"href":"https:\/\/tvgiurgiu.ro\/index.php\/wp-json\/wp\/v2\/users\/1"}],"replies":[{"embeddable":true,"href":"https:\/\/tvgiurgiu.ro\/index.php\/wp-json\/wp\/v2\/comments?post=533"}],"version-history":[{"count":0,"href":"https:\/\/tvgiurgiu.ro\/index.php\/wp-json\/wp\/v2\/posts\/533\/revisions"}],"wp:featuredmedia":[{"embeddable":true,"href":"https:\/\/tvgiurgiu.ro\/index.php\/wp-json\/wp\/v2\/media\/534"}],"wp:attachment":[{"href":"https:\/\/tvgiurgiu.ro\/index.php\/wp-json\/wp\/v2\/media?parent=533"}],"wp:term":[{"taxonomy":"category","embeddable":true,"href":"https:\/\/tvgiurgiu.ro\/index.php\/wp-json\/wp\/v2\/categories?post=533"},{"taxonomy":"post_tag","embeddable":true,"href":"https:\/\/tvgiurgiu.ro\/index.php\/wp-json\/wp\/v2\/tags?post=533"}],"curies":[{"name":"wp","href":"https:\/\/api.w.org\/{rel}","templated":true}]}}