{"id":541,"date":"2020-11-19T17:59:52","date_gmt":"2020-11-19T17:59:52","guid":{"rendered":"https:\/\/tvgiurgiu.ro\/?p=541"},"modified":"2020-11-19T17:59:52","modified_gmt":"2020-11-19T17:59:52","slug":"podul-de-la-adunatii-copaceni-a-fost-inaugurat-la-eveniment-a-participat-si-primarul-adrian-anghelescu","status":"publish","type":"post","link":"https:\/\/tvgiurgiu.ro\/index.php\/2020\/11\/19\/podul-de-la-adunatii-copaceni-a-fost-inaugurat-la-eveniment-a-participat-si-primarul-adrian-anghelescu\/","title":{"rendered":"PODUL DE LA ADUNA\u021aII COPACENI A FOST INAUGURAT. LA EVENIMENT A PARTICIPAT \u0218I PRIMARUL ADRIAN ANGHELESCU"},"content":{"rendered":"<div class=\"o9v6fnle cxmmr5t8 oygrvhab hcukyx3x c1et5uql ii04i59q\">\n<div dir=\"auto\">Lucr\u0103rile de reabilitare la podul peste Arge\u0219 de la Aduna\u021bii Copaceni au fost finalizate. Podul a fost inaugurat ast\u0103zi, \u00een prezen\u021ba premierului Ludovic Orban \u0219i a ministrului Transporturilor, Lucian Bode. La eveniment, al\u0103turi de reprezentan\u021bii Guvernului \u0219i autorit\u0103\u021bile jude\u021bene din Giurgiu, a participat \u0219i primarul municipiului Giurgiu, Adrian Anghelescu.<\/div>\n<\/div>\n<div class=\"o9v6fnle cxmmr5t8 oygrvhab hcukyx3x c1et5uql ii04i59q\">\n<div dir=\"auto\">Lucr\u0103rile au \u00eenceput \u00een iulie 2019 \u0219i au constat \u00een demolarea pl\u0103cii de beton existente, al c\u0103rei grad de degradare era foarte ridicat. De asemenea, au fost montate dale prefabricate din beton armat, au fost executate hidroizola\u0163ia, sablarea, cur\u0103\u0163area \u015fi protec\u0163ia anticoroziv\u0103 a suprafe\u0163elor metalice. Parapetul metallic pietonal a fost \u00eenlocuit, fiind realizat\u0103 o structur\u0103 rutier\u0103 nou\u0103, au fost amenajate trotuare, fiind montat, totodat\u0103, \u0219i un parapet metalic direc\u021bional de tip foarte greu.<\/div>\n<\/div>\n<div class=\"o9v6fnle cxmmr5t8 oygrvhab hcukyx3x c1et5uql ii04i59q\">\n<div dir=\"auto\">Valoarea lucr\u0103rilor de reabilitare a podului de la Aduna\u021bii Copaceni se ridic\u0103 la 8,93 milioane lei, f\u0103r\u0103 TVA.<\/div>\n<\/div>\n","protected":false},"excerpt":{"rendered":"<p>Lucr\u0103rile de reabilitare la podul peste Arge\u0219 de la Aduna\u021bii Copaceni au fost finalizate. Podul a fost inaugurat ast\u0103zi, \u00een prezen\u021ba premierului Ludovic Orban \u0219i a ministrului Transporturilor, Lucian Bode. La eveniment, al\u0103turi de reprezentan\u021bii Guvernului \u0219i autorit\u0103\u021bile jude\u021bene din Giurgiu, a participat \u0219i primarul municipiului Giurgiu, Adrian Anghelescu. Lucr\u0103rile au \u00eenceput \u00een iulie 2019 [&hellip;]<\/p>\n","protected":false},"author":1,"featured_media":542,"comment_status":"open","ping_status":"open","sticky":false,"template":"","format":"standard","meta":{"footnotes":""},"categories":[2],"tags":[],"class_list":["post-541","post","type-post","status-publish","format-standard","has-post-thumbnail","hentry","category-actualitate"],"_links":{"self":[{"href":"https:\/\/tvgiurgiu.ro\/index.php\/wp-json\/wp\/v2\/posts\/541","targetHints":{"allow":["GET"]}}],"collection":[{"href":"https:\/\/tvgiurgiu.ro\/index.php\/wp-json\/wp\/v2\/posts"}],"about":[{"href":"https:\/\/tvgiurgiu.ro\/index.php\/wp-json\/wp\/v2\/types\/post"}],"author":[{"embeddable":true,"href":"https:\/\/tvgiurgiu.ro\/index.php\/wp-json\/wp\/v2\/users\/1"}],"replies":[{"embeddable":true,"href":"https:\/\/tvgiurgiu.ro\/index.php\/wp-json\/wp\/v2\/comments?post=541"}],"version-history":[{"count":0,"href":"https:\/\/tvgiurgiu.ro\/index.php\/wp-json\/wp\/v2\/posts\/541\/revisions"}],"wp:featuredmedia":[{"embeddable":true,"href":"https:\/\/tvgiurgiu.ro\/index.php\/wp-json\/wp\/v2\/media\/542"}],"wp:attachment":[{"href":"https:\/\/tvgiurgiu.ro\/index.php\/wp-json\/wp\/v2\/media?parent=541"}],"wp:term":[{"taxonomy":"category","embeddable":true,"href":"https:\/\/tvgiurgiu.ro\/index.php\/wp-json\/wp\/v2\/categories?post=541"},{"taxonomy":"post_tag","embeddable":true,"href":"https:\/\/tvgiurgiu.ro\/index.php\/wp-json\/wp\/v2\/tags?post=541"}],"curies":[{"name":"wp","href":"https:\/\/api.w.org\/{rel}","templated":true}]}}