{"id":5477,"date":"2023-04-03T16:40:41","date_gmt":"2023-04-03T16:40:41","guid":{"rendered":"https:\/\/tvgiurgiu.ro\/?p=5477"},"modified":"2023-04-03T16:40:42","modified_gmt":"2023-04-03T16:40:42","slug":"actiune-comuna-pentru-siguranta","status":"publish","type":"post","link":"https:\/\/tvgiurgiu.ro\/index.php\/2023\/04\/03\/actiune-comuna-pentru-siguranta\/","title":{"rendered":"Ac\u021biune comun\u0103 pentru siguran\u021b\u0103"},"content":{"rendered":"\n<p>\u00cenceputul de lun\u0103 nu a fost unul tocmai bun at\u00e2t pentru \u0219oferi c\u00e2t \u0219i pentru o parte din agen\u021bii economici. Ace\u0219tia nu au fost p\u0103c\u0103li\u021bi de oamenii legii c\u0103 vor fi ierta\u021bi pentru anumite nereguli depistate \u00een cadrul ac\u021biunii de control. <\/p>\n\n\n\n<figure class=\"wp-block-embed is-type-video is-provider-youtube wp-block-embed-youtube wp-embed-aspect-16-9 wp-has-aspect-ratio\"><div class=\"wp-block-embed__wrapper\">\n<iframe loading=\"lazy\" title=\"Ac\u021biune comun\u0103 pentru siguran\u021b\u0103\" width=\"640\" height=\"360\" src=\"https:\/\/www.youtube.com\/embed\/byrmlLRmc8o?feature=oembed\" frameborder=\"0\" allow=\"accelerometer; autoplay; clipboard-write; encrypted-media; gyroscope; picture-in-picture; web-share\" referrerpolicy=\"strict-origin-when-cross-origin\" allowfullscreen><\/iframe>\n<\/div><\/figure>\n\n\n\n<p>Astfel, s\u00e2mb\u0103t\u0103 noaptea poli\u021bi\u0219tii din cadrul Inspectoratului de Poli\u021bie Jude\u021bean<br>Giurgiu, \u00eempreun\u0103 cu jandarmi din cadrul Inspectoratului de Jandarmi Jude\u021bean Giurgiu au desf\u0103\u0219urat, at\u00e2t \u00een mediul urban, c\u00e2t \u0219i \u00een rural, o ac\u021biune pentru prevenirea actelor \u0219i faptelor antisociale, a evenimentelor rutiere \u0219i depistarea conduc\u0103torilor auto care conduc sub influen\u021ba b\u0103uturilor alcoolice sau a substan\u021belor psihoactive.<br>\u00cen cadrul ac\u021biunii, au fost verificate 33 de societ\u0103\u021bi comerciale, legitimate peste 200 de persoane \u0219i verificate 260 de autovehicule.<\/p>\n\n\n\n<p><\/p>\n","protected":false},"excerpt":{"rendered":"<p>\u00cenceputul de lun\u0103 nu a fost unul tocmai bun at\u00e2t pentru \u0219oferi c\u00e2t \u0219i pentru o parte din agen\u021bii economici. Ace\u0219tia nu au fost p\u0103c\u0103li\u021bi de oamenii legii c\u0103 vor fi ierta\u021bi pentru anumite nereguli depistate \u00een cadrul ac\u021biunii de control. Astfel, s\u00e2mb\u0103t\u0103 noaptea poli\u021bi\u0219tii din cadrul Inspectoratului de Poli\u021bie Jude\u021beanGiurgiu, \u00eempreun\u0103 cu jandarmi din [&hellip;]<\/p>\n","protected":false},"author":6,"featured_media":5480,"comment_status":"closed","ping_status":"closed","sticky":false,"template":"","format":"standard","meta":{"footnotes":""},"categories":[11,23],"tags":[],"class_list":["post-5477","post","type-post","status-publish","format-standard","has-post-thumbnail","hentry","category-jurnale-tv","category-stiri"],"_links":{"self":[{"href":"https:\/\/tvgiurgiu.ro\/index.php\/wp-json\/wp\/v2\/posts\/5477","targetHints":{"allow":["GET"]}}],"collection":[{"href":"https:\/\/tvgiurgiu.ro\/index.php\/wp-json\/wp\/v2\/posts"}],"about":[{"href":"https:\/\/tvgiurgiu.ro\/index.php\/wp-json\/wp\/v2\/types\/post"}],"author":[{"embeddable":true,"href":"https:\/\/tvgiurgiu.ro\/index.php\/wp-json\/wp\/v2\/users\/6"}],"replies":[{"embeddable":true,"href":"https:\/\/tvgiurgiu.ro\/index.php\/wp-json\/wp\/v2\/comments?post=5477"}],"version-history":[{"count":0,"href":"https:\/\/tvgiurgiu.ro\/index.php\/wp-json\/wp\/v2\/posts\/5477\/revisions"}],"wp:featuredmedia":[{"embeddable":true,"href":"https:\/\/tvgiurgiu.ro\/index.php\/wp-json\/wp\/v2\/media\/5480"}],"wp:attachment":[{"href":"https:\/\/tvgiurgiu.ro\/index.php\/wp-json\/wp\/v2\/media?parent=5477"}],"wp:term":[{"taxonomy":"category","embeddable":true,"href":"https:\/\/tvgiurgiu.ro\/index.php\/wp-json\/wp\/v2\/categories?post=5477"},{"taxonomy":"post_tag","embeddable":true,"href":"https:\/\/tvgiurgiu.ro\/index.php\/wp-json\/wp\/v2\/tags?post=5477"}],"curies":[{"name":"wp","href":"https:\/\/api.w.org\/{rel}","templated":true}]}}