{"id":5511,"date":"2023-04-04T15:49:27","date_gmt":"2023-04-04T15:49:27","guid":{"rendered":"https:\/\/tvgiurgiu.ro\/?p=5511"},"modified":"2023-04-04T15:49:29","modified_gmt":"2023-04-04T15:49:29","slug":"interventii-pe-timp-de-cod","status":"publish","type":"post","link":"https:\/\/tvgiurgiu.ro\/index.php\/2023\/04\/04\/interventii-pe-timp-de-cod\/","title":{"rendered":"Interven\u021bii pe timp de cod"},"content":{"rendered":"\n<h3 class=\"wp-block-heading\">Pe timpul aten\u021bion\u0103rii meteorologice de precipita\u021bii \u00eensemnate cantitativ \u0219i v\u00e2nt puternic, pompierii au fost solicita\u021bi s\u0103 intervin\u0103 \u00een diferite situa\u021bii. <\/h3>\n\n\n\n<p>O mare parte dintre ele se puteau termina cu adev\u0103rate tragedii.<br>Astfel,\u00eenc\u0103 de la primele ore ale dimine\u021bii oamenii de la Deta\u0219amentul Giurgiu,au intervenit cu o autospeciala pentru interven\u021bie \u0219i salvare de la \u00een\u0103l\u021bime pentru degajarea acoperi\u0219ului unui balcon situat \u00eentr-un bloc la etajul IV. <\/p>\n\n\n\n<figure class=\"wp-block-embed is-type-video is-provider-youtube wp-block-embed-youtube wp-embed-aspect-16-9 wp-has-aspect-ratio\"><div class=\"wp-block-embed__wrapper\">\n<iframe loading=\"lazy\" title=\"Interven\u021bii pe timp de cod\" width=\"640\" height=\"360\" src=\"https:\/\/www.youtube.com\/embed\/F2OG8lQT6uQ?feature=oembed\" frameborder=\"0\" allow=\"accelerometer; autoplay; clipboard-write; encrypted-media; gyroscope; picture-in-picture; web-share\" referrerpolicy=\"strict-origin-when-cross-origin\" allowfullscreen><\/iframe>\n<\/div><\/figure>\n\n\n\n<p>Ace\u0219tia au \u00eendep\u0103rtat acoperi\u0219ul din tabl\u0103, care era deja desprins, pun\u00e2nd \u00een pericol siguran\u021ba trec\u0103torilor.<br>Un alt caz la fel de periculos pentru trec\u0103tori s-a petrecut tot \u00een municipiu pe strada Vasile Alecsandri c\u00e2teva minute mai t\u00e2rziu. De aceast\u0103 dat\u0103 o bucat\u0103 de tencuial\u0103 de pe fa\u021bada blocului s-a desprins din dreptul etajului 8.<br>Nici jude\u021bul nu a fost scutit de evenimente nepl\u0103cute. <\/p>\n\n\n\n<p>Potrivit pompierilor au fost solicita\u021bi s\u0103 intervin\u0103 la un copac c\u0103zut pe partea carosabil\u0103, \u00een localitatea C\u0103lug\u0103reni. <\/p>\n\n\n\n<p>Evenimentul a fost sesizat azi-noapte, \u00een jurul orei 01:10 \u0219i la un st\u00e2lp de telegraf c\u0103zut pe partea carosabil\u0103, \u00een localitatea Podu Doamnei. <\/p>\n","protected":false},"excerpt":{"rendered":"<p>Pe timpul aten\u021bion\u0103rii meteorologice de precipita\u021bii \u00eensemnate cantitativ \u0219i v\u00e2nt puternic, pompierii au fost solicita\u021bi s\u0103 intervin\u0103 \u00een diferite situa\u021bii. O mare parte dintre ele se puteau termina cu adev\u0103rate tragedii.<\/p>\n","protected":false},"author":6,"featured_media":5520,"comment_status":"closed","ping_status":"closed","sticky":false,"template":"","format":"standard","meta":{"footnotes":""},"categories":[11,23],"tags":[],"class_list":["post-5511","post","type-post","status-publish","format-standard","has-post-thumbnail","hentry","category-jurnale-tv","category-stiri"],"_links":{"self":[{"href":"https:\/\/tvgiurgiu.ro\/index.php\/wp-json\/wp\/v2\/posts\/5511","targetHints":{"allow":["GET"]}}],"collection":[{"href":"https:\/\/tvgiurgiu.ro\/index.php\/wp-json\/wp\/v2\/posts"}],"about":[{"href":"https:\/\/tvgiurgiu.ro\/index.php\/wp-json\/wp\/v2\/types\/post"}],"author":[{"embeddable":true,"href":"https:\/\/tvgiurgiu.ro\/index.php\/wp-json\/wp\/v2\/users\/6"}],"replies":[{"embeddable":true,"href":"https:\/\/tvgiurgiu.ro\/index.php\/wp-json\/wp\/v2\/comments?post=5511"}],"version-history":[{"count":0,"href":"https:\/\/tvgiurgiu.ro\/index.php\/wp-json\/wp\/v2\/posts\/5511\/revisions"}],"wp:featuredmedia":[{"embeddable":true,"href":"https:\/\/tvgiurgiu.ro\/index.php\/wp-json\/wp\/v2\/media\/5520"}],"wp:attachment":[{"href":"https:\/\/tvgiurgiu.ro\/index.php\/wp-json\/wp\/v2\/media?parent=5511"}],"wp:term":[{"taxonomy":"category","embeddable":true,"href":"https:\/\/tvgiurgiu.ro\/index.php\/wp-json\/wp\/v2\/categories?post=5511"},{"taxonomy":"post_tag","embeddable":true,"href":"https:\/\/tvgiurgiu.ro\/index.php\/wp-json\/wp\/v2\/tags?post=5511"}],"curies":[{"name":"wp","href":"https:\/\/api.w.org\/{rel}","templated":true}]}}