{"id":5542,"date":"2023-04-05T17:32:44","date_gmt":"2023-04-05T17:32:44","guid":{"rendered":"https:\/\/tvgiurgiu.ro\/?p=5542"},"modified":"2023-04-05T17:32:46","modified_gmt":"2023-04-05T17:32:46","slug":"ipj-giurgiu-se-innoieste","status":"publish","type":"post","link":"https:\/\/tvgiurgiu.ro\/index.php\/2023\/04\/05\/ipj-giurgiu-se-innoieste\/","title":{"rendered":"IPJ Giurgiu se \u201e\u00eennoie\u0219te\u201d"},"content":{"rendered":"\n<p>Invitat luni sear\u0103 \u00een platoul TV Giurgiu la emisiunea \u201eAudien\u021ba\u201d moderat\u0103 de Florina Dr\u0103gulin, \u0219eful IPJ Giurgiu, Ionu\u021b Dana a discutat printre altele \u0219i despre modernizarea unor posturi de poli\u021bie din municipiu \u0219i jude\u021b.<\/p>\n\n\n\n<figure class=\"wp-block-embed is-type-video is-provider-youtube wp-block-embed-youtube wp-embed-aspect-16-9 wp-has-aspect-ratio\"><div class=\"wp-block-embed__wrapper\">\n<iframe loading=\"lazy\" title=\"IPJ Giurgiu se \u201e\u00eennoie\u0219te\u201d\" width=\"640\" height=\"360\" src=\"https:\/\/www.youtube.com\/embed\/pRdGf57obWg?feature=oembed\" frameborder=\"0\" allow=\"accelerometer; autoplay; clipboard-write; encrypted-media; gyroscope; picture-in-picture; web-share\" referrerpolicy=\"strict-origin-when-cross-origin\" allowfullscreen><\/iframe>\n<\/div><\/figure>\n\n\n\n<p><br>Pe list\u0103 se afl\u0103 cl\u0103dirile din strada C\u0103lug\u0103reni \u0219i strada Gheorghe Doja.<br>Anul trecut, au fost achizi\u021bionate dou\u0103 ansambluri modulare, formate din trei containere cu destina\u021bia post de poli\u021bie.<br>De asemenea, au fost efectuate mai multe lucr\u0103ri de \u00eentre\u021binere a imobilelor din administrarea unit\u0103\u021bii, respectiv \u00eenlocuire ferestre la sediul din bulevardul C.F.R., lucr\u0103ri de repara\u021bii toalete la posturile de poli\u021bie din localit\u0103\u021bile Bulbucata, Buturugeni, Gr\u0103dinari, Letea Nou\u0103 \u0219i Vedea, precum \u0219i lucr\u0103ri de reabilitare a fa\u021badei \u0219i acoperi\u0219ului sediului din strada Gheorghe Doja.<br>IPJ Giurgiu a \u00eenceput demersurile pentru amenajarea unei camere de corpuri delicte pentru autovehicule \u0219i pentru modernizarea sediului poli\u021biei municipale.<br>\u00cen plus, conform reprezentan\u021bilor IPJ Giurgiu, \u00een anul 2023, sunt \u00een derulare lucr\u0103ri de modernizare a 10 posturi de poli\u021bie.<br>Emisiunea \u201eAudien\u021ba\u201d poate fi urm\u0103rit\u0103 : <a href=\"https:\/\/tvgiurgiu.ro\/index.php\/2023\/04\/04\/audienta-3-aprilie-2023\/\">https:\/\/tvgiurgiu.ro\/index.php\/2023\/04\/04\/audienta-3-aprilie-2023\/<\/a><\/p>\n","protected":false},"excerpt":{"rendered":"<p>Invitat luni sear\u0103 \u00een platoul TV Giurgiu la emisiunea \u201eAudien\u021ba\u201d moderat\u0103 de Florina Dr\u0103gulin, \u0219eful IPJ Giurgiu, Ionu\u021b Dana a discutat printre altele \u0219i despre modernizarea unor posturi de poli\u021bie din municipiu \u0219i jude\u021b. Pe list\u0103 se afl\u0103 cl\u0103dirile din strada C\u0103lug\u0103reni \u0219i strada Gheorghe Doja.Anul trecut, au fost achizi\u021bionate dou\u0103 ansambluri modulare, formate din [&hellip;]<\/p>\n","protected":false},"author":4,"featured_media":5545,"comment_status":"closed","ping_status":"closed","sticky":false,"template":"","format":"standard","meta":{"footnotes":""},"categories":[11,23],"tags":[],"class_list":["post-5542","post","type-post","status-publish","format-standard","has-post-thumbnail","hentry","category-jurnale-tv","category-stiri"],"_links":{"self":[{"href":"https:\/\/tvgiurgiu.ro\/index.php\/wp-json\/wp\/v2\/posts\/5542","targetHints":{"allow":["GET"]}}],"collection":[{"href":"https:\/\/tvgiurgiu.ro\/index.php\/wp-json\/wp\/v2\/posts"}],"about":[{"href":"https:\/\/tvgiurgiu.ro\/index.php\/wp-json\/wp\/v2\/types\/post"}],"author":[{"embeddable":true,"href":"https:\/\/tvgiurgiu.ro\/index.php\/wp-json\/wp\/v2\/users\/4"}],"replies":[{"embeddable":true,"href":"https:\/\/tvgiurgiu.ro\/index.php\/wp-json\/wp\/v2\/comments?post=5542"}],"version-history":[{"count":0,"href":"https:\/\/tvgiurgiu.ro\/index.php\/wp-json\/wp\/v2\/posts\/5542\/revisions"}],"wp:featuredmedia":[{"embeddable":true,"href":"https:\/\/tvgiurgiu.ro\/index.php\/wp-json\/wp\/v2\/media\/5545"}],"wp:attachment":[{"href":"https:\/\/tvgiurgiu.ro\/index.php\/wp-json\/wp\/v2\/media?parent=5542"}],"wp:term":[{"taxonomy":"category","embeddable":true,"href":"https:\/\/tvgiurgiu.ro\/index.php\/wp-json\/wp\/v2\/categories?post=5542"},{"taxonomy":"post_tag","embeddable":true,"href":"https:\/\/tvgiurgiu.ro\/index.php\/wp-json\/wp\/v2\/tags?post=5542"}],"curies":[{"name":"wp","href":"https:\/\/api.w.org\/{rel}","templated":true}]}}