{"id":5546,"date":"2023-04-05T17:33:49","date_gmt":"2023-04-05T17:33:49","guid":{"rendered":"https:\/\/tvgiurgiu.ro\/?p=5546"},"modified":"2023-04-05T17:33:53","modified_gmt":"2023-04-05T17:33:53","slug":"medalii-castigate-de-atletii-cu-dubla-legitimare","status":"publish","type":"post","link":"https:\/\/tvgiurgiu.ro\/index.php\/2023\/04\/05\/medalii-castigate-de-atletii-cu-dubla-legitimare\/","title":{"rendered":"Medalii c\u00e2\u0219tigate de atle\u021bii cu dubl\u0103 legitimare"},"content":{"rendered":"\n<p>Cu ocazia \u00eencheierii oficiale a sezonului de sal\u0103, am vrut s\u0103 afl\u0103m de la conducerea CSM Giurgiu cum s-a descurcat \u00een perioada respectiv\u0103 sec\u021bia de atletism a clubului.<br>Aceasta a ob\u021binut nu mai pu\u021bin de 10 medalii prin cei trei sportivi cu dubl\u0103 legitimare: Ceahl\u0103ul Piatra-Neam\u021b \u0219i CSM Giurgiu.<\/p>\n\n\n\n<figure class=\"wp-block-embed is-type-video is-provider-youtube wp-block-embed-youtube wp-embed-aspect-16-9 wp-has-aspect-ratio\"><div class=\"wp-block-embed__wrapper\">\n<iframe loading=\"lazy\" title=\"Medalii c\u00e2\u0219tigate de atle\u021bii cu dubl\u0103 legitimare\" width=\"640\" height=\"360\" src=\"https:\/\/www.youtube.com\/embed\/hveWWvuKZ0Q?feature=oembed\" frameborder=\"0\" allow=\"accelerometer; autoplay; clipboard-write; encrypted-media; gyroscope; picture-in-picture; web-share\" referrerpolicy=\"strict-origin-when-cross-origin\" allowfullscreen><\/iframe>\n<\/div><\/figure>\n\n\n\n<p><br>Este vorba despre Ioana \u021aig\u0103na\u0219u (\u00een probele de aruncarea disc \u0219i aruncarea greut\u0103\u021bii), Adina F\u00eer\u021bal\u0103 (\u00een probele de aruncarea ciocanului, aruncarea discului \u0219i aruncarea greut\u0103\u021bii), respectiv C\u0103t\u0103lin Gherasim (\u00een probele de aruncarea greut\u0103\u021bii \u0219i aruncarea suli\u021bei).<br>Cei trei sportivi legitima\u021bi \u0219i la CSM Giurgiu au ob\u021binut calificarea la Festivalul Olimpic al Tineretului European care va avea loc \u00een luna iulie.<br>Viorica \u021aig\u0103u sper\u0103 ca \u00een sezonul \u00een aer liber num\u0103rul medalia\u021bilor s\u0103 creasc\u0103.<br>Revenind la activitatea de pe plan local, dup\u0103 concursul \u201eSport, mi\u0219care, implicare\u201d care a avut loc pe 1 aprilie, competi\u021biile dedicate atletismului vor continua \u0219i \u00een perioada urm\u0103toare.<br>Astfel, \u00een data de 24 aprilie, Clubul Sportiv Municipal \u00een parteneriat cu Direc\u021bia Jude\u021bean\u0103 pentru Sport vor organiza un concurs pentru tinerii atle\u021bi.<br>De asemenea, \u00een luna mai va avea loc cea de-a treia edi\u021bie a Cupei Rotary la atletism.<\/p>\n","protected":false},"excerpt":{"rendered":"<p>Cu ocazia \u00eencheierii oficiale a sezonului de sal\u0103, am vrut s\u0103 afl\u0103m de la conducerea CSM Giurgiu cum s-a descurcat \u00een perioada respectiv\u0103 sec\u021bia de atletism a clubului.Aceasta a ob\u021binut nu mai pu\u021bin de 10 medalii prin cei trei sportivi cu dubl\u0103 legitimare: Ceahl\u0103ul Piatra-Neam\u021b \u0219i CSM Giurgiu. Este vorba despre Ioana \u021aig\u0103na\u0219u (\u00een probele [&hellip;]<\/p>\n","protected":false},"author":4,"featured_media":5549,"comment_status":"closed","ping_status":"closed","sticky":false,"template":"","format":"standard","meta":{"footnotes":""},"categories":[11,13,23],"tags":[],"class_list":["post-5546","post","type-post","status-publish","format-standard","has-post-thumbnail","hentry","category-jurnale-tv","category-sport","category-stiri"],"_links":{"self":[{"href":"https:\/\/tvgiurgiu.ro\/index.php\/wp-json\/wp\/v2\/posts\/5546","targetHints":{"allow":["GET"]}}],"collection":[{"href":"https:\/\/tvgiurgiu.ro\/index.php\/wp-json\/wp\/v2\/posts"}],"about":[{"href":"https:\/\/tvgiurgiu.ro\/index.php\/wp-json\/wp\/v2\/types\/post"}],"author":[{"embeddable":true,"href":"https:\/\/tvgiurgiu.ro\/index.php\/wp-json\/wp\/v2\/users\/4"}],"replies":[{"embeddable":true,"href":"https:\/\/tvgiurgiu.ro\/index.php\/wp-json\/wp\/v2\/comments?post=5546"}],"version-history":[{"count":0,"href":"https:\/\/tvgiurgiu.ro\/index.php\/wp-json\/wp\/v2\/posts\/5546\/revisions"}],"wp:featuredmedia":[{"embeddable":true,"href":"https:\/\/tvgiurgiu.ro\/index.php\/wp-json\/wp\/v2\/media\/5549"}],"wp:attachment":[{"href":"https:\/\/tvgiurgiu.ro\/index.php\/wp-json\/wp\/v2\/media?parent=5546"}],"wp:term":[{"taxonomy":"category","embeddable":true,"href":"https:\/\/tvgiurgiu.ro\/index.php\/wp-json\/wp\/v2\/categories?post=5546"},{"taxonomy":"post_tag","embeddable":true,"href":"https:\/\/tvgiurgiu.ro\/index.php\/wp-json\/wp\/v2\/tags?post=5546"}],"curies":[{"name":"wp","href":"https:\/\/api.w.org\/{rel}","templated":true}]}}