{"id":5558,"date":"2023-04-05T17:37:31","date_gmt":"2023-04-05T17:37:31","guid":{"rendered":"https:\/\/tvgiurgiu.ro\/?p=5558"},"modified":"2023-04-05T17:37:34","modified_gmt":"2023-04-05T17:37:34","slug":"pregatiri-pentru-zilele-orasului","status":"publish","type":"post","link":"https:\/\/tvgiurgiu.ro\/index.php\/2023\/04\/05\/pregatiri-pentru-zilele-orasului\/","title":{"rendered":"Preg\u0103tiri pentru Zilele Ora\u0219ului"},"content":{"rendered":"\n<p>\u00cen aceast\u0103 lun\u0103, la Giurgiu vor fi organizate, din nou, \u201eZilele Ora\u0219ului\u201d, eveniment care adun\u0103 mii de giurgiuveni \u00een fiecare an.<br>Pe l\u00e2ng\u0103 atrac\u021biile culinare \u0219i me\u0219te\u0219ug\u0103re\u0219ti, momentele cele mai a\u0219teptate de catre toat\u0103 lumea sunt legate de numele celor vin la Giurgiu s\u0103 concerteze. \u0218i \u00een 2023 autorit\u0103\u021bile au preg\u0103tit tot trei zile de s\u0103rb\u0103toare.<\/p>\n\n\n\n<figure class=\"wp-block-embed is-type-video is-provider-youtube wp-block-embed-youtube wp-embed-aspect-16-9 wp-has-aspect-ratio\"><div class=\"wp-block-embed__wrapper\">\n<iframe loading=\"lazy\" title=\"Preg\u0103tiri pentru Zilele Ora\u0219ului\" width=\"640\" height=\"360\" src=\"https:\/\/www.youtube.com\/embed\/G93DTw0qj1U?feature=oembed\" frameborder=\"0\" allow=\"accelerometer; autoplay; clipboard-write; encrypted-media; gyroscope; picture-in-picture; web-share\" referrerpolicy=\"strict-origin-when-cross-origin\" allowfullscreen><\/iframe>\n<\/div><\/figure>\n\n\n\n<p><br>\u00cen acest an, potrivit programului stabilit de prim\u0103ria Giurgiu, prin organizatorul Centrul Cultural \u201dIon Vinea\u201d desf\u0103\u0219ur\u0103torul arat\u0103 astfel:<\/p>\n\n\n\n<p>\u2022 20 APRILIE\u2013 orele 19.00 \u2013 23.00 \u2013 Spectacol sus\u021binut de DJ DENY;<br>\u2022 21 APRILIE\u2013 orele 19.00 \u2013 23.00 \u2013 Spectacol sus\u021binut de EDUARD STOICA, JESSICA L\u0102Z\u0102RESCU \u0219i DEBU( fo\u0219ti concuren\u021bi la Vocea Rom\u00e2niei);<br>\u2022 22 APRILIE \u2013 orele 19.00 \u2013 23.00 \u2013 Spectacol oferit de : Ansamblul folcloric \u201dDoina Dun\u0103rii\u201d, Adelina G\u0103ujeneanu, Ioana L\u0103rgeanu, Selena M\u0103rgean, Mihaela S\u0103baru, Alexia St\u0103nic\u0103, Mariana Simion, Georgeta Vasile M\u0103sur\u0103, Mariana Cimpoia\u0219u, CONSTANTIN ENCEANU. Forma\u021biile de dansuri popuare \u201dDoina Dun\u0103rii\u201d \u0219i \u201dRom\u00e2na\u0219ul\u201d.<br>\u2022 23 APRILIE \u2013 18.00-23.00 \u2013 Spectacol sus\u021binut de Orchestra de sufl\u0103tori \u201dValahia Giurgiu\u201d \u2013 dirijor Virgil Pe\u021banca.<br>\u2022 Toate aceste manifest\u0103ri se \u00eenscriu \u00een cadrul \u201dPrim\u0103verii Culturale Giurgiuvene\u201d.<\/p>\n","protected":false},"excerpt":{"rendered":"<p>\u00cen aceast\u0103 lun\u0103, la Giurgiu vor fi organizate, din nou, \u201eZilele Ora\u0219ului\u201d, eveniment care adun\u0103 mii de giurgiuveni \u00een fiecare an.Pe l\u00e2ng\u0103 atrac\u021biile culinare \u0219i me\u0219te\u0219ug\u0103re\u0219ti, momentele cele mai a\u0219teptate de catre toat\u0103 lumea sunt legate de numele celor vin la Giurgiu s\u0103 concerteze. \u0218i \u00een 2023 autorit\u0103\u021bile au preg\u0103tit tot trei zile de s\u0103rb\u0103toare. [&hellip;]<\/p>\n","protected":false},"author":6,"featured_media":5561,"comment_status":"closed","ping_status":"closed","sticky":false,"template":"","format":"standard","meta":{"footnotes":""},"categories":[11,23],"tags":[],"class_list":["post-5558","post","type-post","status-publish","format-standard","has-post-thumbnail","hentry","category-jurnale-tv","category-stiri"],"_links":{"self":[{"href":"https:\/\/tvgiurgiu.ro\/index.php\/wp-json\/wp\/v2\/posts\/5558","targetHints":{"allow":["GET"]}}],"collection":[{"href":"https:\/\/tvgiurgiu.ro\/index.php\/wp-json\/wp\/v2\/posts"}],"about":[{"href":"https:\/\/tvgiurgiu.ro\/index.php\/wp-json\/wp\/v2\/types\/post"}],"author":[{"embeddable":true,"href":"https:\/\/tvgiurgiu.ro\/index.php\/wp-json\/wp\/v2\/users\/6"}],"replies":[{"embeddable":true,"href":"https:\/\/tvgiurgiu.ro\/index.php\/wp-json\/wp\/v2\/comments?post=5558"}],"version-history":[{"count":0,"href":"https:\/\/tvgiurgiu.ro\/index.php\/wp-json\/wp\/v2\/posts\/5558\/revisions"}],"wp:featuredmedia":[{"embeddable":true,"href":"https:\/\/tvgiurgiu.ro\/index.php\/wp-json\/wp\/v2\/media\/5561"}],"wp:attachment":[{"href":"https:\/\/tvgiurgiu.ro\/index.php\/wp-json\/wp\/v2\/media?parent=5558"}],"wp:term":[{"taxonomy":"category","embeddable":true,"href":"https:\/\/tvgiurgiu.ro\/index.php\/wp-json\/wp\/v2\/categories?post=5558"},{"taxonomy":"post_tag","embeddable":true,"href":"https:\/\/tvgiurgiu.ro\/index.php\/wp-json\/wp\/v2\/tags?post=5558"}],"curies":[{"name":"wp","href":"https:\/\/api.w.org\/{rel}","templated":true}]}}