{"id":5593,"date":"2023-04-08T06:24:15","date_gmt":"2023-04-08T06:24:15","guid":{"rendered":"https:\/\/tvgiurgiu.ro\/?p=5593"},"modified":"2023-04-08T06:55:35","modified_gmt":"2023-04-08T06:55:35","slug":"o-medalie-mult-asteptata","status":"publish","type":"post","link":"https:\/\/tvgiurgiu.ro\/index.php\/2023\/04\/08\/o-medalie-mult-asteptata\/","title":{"rendered":"O medalie mult a\u0219teptat\u0103"},"content":{"rendered":"\n<p>Premier\u0103 pentru Giurgiu \u0219i sec\u021bia de lupte a SCM Dun\u0103rea. \u00cen cadrul Cupei Rom\u00e2niei, competi\u021bie rezervat\u0103 sportivilor sub 15 ani \u0219i g\u0103zduit\u0103 la finele s\u0103pt\u0103m\u00e2nii trecute de \u201eSala Sporturilor\u201d din Piatra Neam\u021b, Daria Stan a reu\u0219it s\u0103 ocupe locul 3 la categoria 56 de kilograme.<\/p>\n\n\n\n<figure class=\"wp-block-embed is-type-video is-provider-youtube wp-block-embed-youtube wp-embed-aspect-16-9 wp-has-aspect-ratio\"><div class=\"wp-block-embed__wrapper\">\n<iframe loading=\"lazy\" title=\"O medalie mult a\u0219teptat\u0103\" width=\"640\" height=\"360\" src=\"https:\/\/www.youtube.com\/embed\/N9QqNrpdgck?feature=oembed\" frameborder=\"0\" allow=\"accelerometer; autoplay; clipboard-write; encrypted-media; gyroscope; picture-in-picture; web-share\" referrerpolicy=\"strict-origin-when-cross-origin\" allowfullscreen><\/iframe>\n<\/div><\/figure>\n\n\n\n<p><br>Este prima medalie ob\u021binut\u0103 de o sportiv\u0103 de la SCM Dun\u0103rea \u00eentr-o disciplin\u0103 olimpic\u0103 la o competi\u021bie na\u021bional\u0103 de asemenea anvergur\u0103.<br>Colega Dariei de la SCM Dun\u0103rea Giurgiu, Crina Mihai, a fost \u0219i ea aproape de medalie, \u00eencheind proba categoriei 38 de kilograme pe locul 5.<br>Iat\u0103 c\u0103 dup\u0103 aproximativ 3 ani de munc\u0103 \u0219i fetele \u00eencep s\u0103 ob\u021bin\u0103 rezultate foarte bune.<br>\u00cen cadrul aceleia\u0219i competi\u021bii, SCM Dun\u0103rea Giurgiu a mai ob\u021binut o medalie, tot bronz, prin Cristian Mi\u021boi la categoria 85 de kilograme \u00een timp ce la 38 de kilograme Narcis Guti a \u00eencheiat competi\u021bia pe locul 5.<br>Peste dou\u0103 s\u0103pt\u0103m\u00e2ni SCM Dun\u0103rea Giurgiu va fi reprezentat\u0103 \u0219i \u00een finala campionatului na\u021bional individual Cupa Rom\u00e2niei rezervat de aceast\u0103 dat\u0103 sportivilor sub 17 ani.<br>Ea va avea loc \u00een ora\u0219ul Buzia\u0219, obiectivul antrenorului Florin Antonescu fiind calificarea a cel pu\u021bin doi sportivi \u00een faza sferturilor de final\u0103.<\/p>\n","protected":false},"excerpt":{"rendered":"<p>Premier\u0103 pentru Giurgiu \u0219i sec\u021bia de lupte a SCM Dun\u0103rea. \u00cen cadrul Cupei Rom\u00e2niei, competi\u021bie rezervat\u0103 sportivilor sub 15 ani \u0219i g\u0103zduit\u0103 la finele s\u0103pt\u0103m\u00e2nii trecute de \u201eSala Sporturilor\u201d din Piatra Neam\u021b, Daria Stan a reu\u0219it s\u0103 ocupe locul 3 la categoria 56 de kilograme. Este prima medalie ob\u021binut\u0103 de o sportiv\u0103 de la SCM [&hellip;]<\/p>\n","protected":false},"author":4,"featured_media":5596,"comment_status":"closed","ping_status":"closed","sticky":false,"template":"","format":"standard","meta":{"footnotes":""},"categories":[11,13,23],"tags":[],"class_list":["post-5593","post","type-post","status-publish","format-standard","has-post-thumbnail","hentry","category-jurnale-tv","category-sport","category-stiri"],"_links":{"self":[{"href":"https:\/\/tvgiurgiu.ro\/index.php\/wp-json\/wp\/v2\/posts\/5593","targetHints":{"allow":["GET"]}}],"collection":[{"href":"https:\/\/tvgiurgiu.ro\/index.php\/wp-json\/wp\/v2\/posts"}],"about":[{"href":"https:\/\/tvgiurgiu.ro\/index.php\/wp-json\/wp\/v2\/types\/post"}],"author":[{"embeddable":true,"href":"https:\/\/tvgiurgiu.ro\/index.php\/wp-json\/wp\/v2\/users\/4"}],"replies":[{"embeddable":true,"href":"https:\/\/tvgiurgiu.ro\/index.php\/wp-json\/wp\/v2\/comments?post=5593"}],"version-history":[{"count":0,"href":"https:\/\/tvgiurgiu.ro\/index.php\/wp-json\/wp\/v2\/posts\/5593\/revisions"}],"wp:featuredmedia":[{"embeddable":true,"href":"https:\/\/tvgiurgiu.ro\/index.php\/wp-json\/wp\/v2\/media\/5596"}],"wp:attachment":[{"href":"https:\/\/tvgiurgiu.ro\/index.php\/wp-json\/wp\/v2\/media?parent=5593"}],"wp:term":[{"taxonomy":"category","embeddable":true,"href":"https:\/\/tvgiurgiu.ro\/index.php\/wp-json\/wp\/v2\/categories?post=5593"},{"taxonomy":"post_tag","embeddable":true,"href":"https:\/\/tvgiurgiu.ro\/index.php\/wp-json\/wp\/v2\/tags?post=5593"}],"curies":[{"name":"wp","href":"https:\/\/api.w.org\/{rel}","templated":true}]}}