{"id":5685,"date":"2023-04-11T15:45:36","date_gmt":"2023-04-11T15:45:36","guid":{"rendered":"https:\/\/tvgiurgiu.ro\/?p=5685"},"modified":"2023-04-11T15:45:38","modified_gmt":"2023-04-11T15:45:38","slug":"un-proiect-pentru-toti-giurgiuvenii","status":"publish","type":"post","link":"https:\/\/tvgiurgiu.ro\/index.php\/2023\/04\/11\/un-proiect-pentru-toti-giurgiuvenii\/","title":{"rendered":"Un proiect pentru to\u021bi giurgiuvenii"},"content":{"rendered":"\n<p><strong>Pre\u0219edintele Consiliului Jude\u021bean, Dumitru Beianu, a sus\u021binut luni dup\u0103-amiaz\u0103 o conferin\u021b\u0103 de pres\u0103 \u00een care a abordat mai multe subiecte de interes pentru comunitate.<\/strong><\/p>\n\n\n\n<figure class=\"wp-block-embed is-type-video is-provider-youtube wp-block-embed-youtube wp-embed-aspect-16-9 wp-has-aspect-ratio\"><div class=\"wp-block-embed__wrapper\">\n<iframe loading=\"lazy\" title=\"Un proiect pentru to\u021bi giurgiuvenii\" width=\"640\" height=\"360\" src=\"https:\/\/www.youtube.com\/embed\/RIOst5Hyorw?feature=oembed\" frameborder=\"0\" allow=\"accelerometer; autoplay; clipboard-write; encrypted-media; gyroscope; picture-in-picture; web-share\" referrerpolicy=\"strict-origin-when-cross-origin\" allowfullscreen><\/iframe>\n<\/div><\/figure>\n\n\n\n<p><br>Unul dintre ele a vizat proiectul cu o valoare de 370 de milioane de euro privind \u00eenfiin\u021barea de sisteme de ap\u0103 \u0219i ape uzate \u00een localit\u0103\u021bile din jude\u021bul Giurgiu.<br>Conform declara\u021biilor pre\u0219edintelui institu\u021biei, \u00een acest moment sunt \u00een derulare licita\u021biile de canalizare pentru comuna M\u00e2r\u0219a \u0219i cele privind re\u021belele de ap\u0103 \u0219i canalizare \u00een comunele Cosoba \u0219i S\u0103b\u0103reni.<br>Recent a fost trimis\u0103 \u00een Sistemul de Achizi\u021bii Publice o a treia lucrare, respectiv un sistem de canalizare care va deservi comuna Ogrezeni \u0219i localitatea Malu Spart, aceasta din urm\u0103 apar\u021bin\u00e2nd de ora\u0219ul Bolintin-Vale.<br>Dumitru Beianu a subliniat \u00eenc\u0103 o dat\u0103 faptul c\u0103 nu face niciun fel de diferen\u021biere c\u00e2nd vine vorba de comunit\u0103\u021bi \u0219i de culoarea politic\u0103 a ale\u0219ilor locali.<br>Drept dovad\u0103, acesta a scos \u00een eviden\u021b\u0103 faptul c\u0103 at\u00e2t primarul din Ogrezeni, C\u0103t\u0103lin Preda, c\u00e2t \u0219i cel din Bolintin-Vale, Daniel Tr\u0103istaru sunt social-democra\u021bi.<br>Mai multe detalii despre acest proiect, dar \u0219i despre celelalte subiecte abordate de Dumitru Beianu \u00een cadrul conferin\u021bei de pres\u0103 pute\u021bi afla din edi\u021bia special\u0103 care poate fi urm\u0103rit\u0103 \u0219i pe canalele oficiale de Youtube \u0219i Facebook ale TV Giurgiu.<\/p>\n","protected":false},"excerpt":{"rendered":"<p>Pre\u0219edintele Consiliului Jude\u021bean, Dumitru Beianu, a sus\u021binut luni dup\u0103-amiaz\u0103 o conferin\u021b\u0103 de pres\u0103 \u00een care a abordat mai multe subiecte de interes pentru comunitate. Unul dintre ele a vizat proiectul cu o valoare de 370 de milioane de euro privind \u00eenfiin\u021barea de sisteme de ap\u0103 \u0219i ape uzate \u00een localit\u0103\u021bile din jude\u021bul Giurgiu.Conform declara\u021biilor pre\u0219edintelui [&hellip;]<\/p>\n","protected":false},"author":4,"featured_media":5702,"comment_status":"closed","ping_status":"open","sticky":false,"template":"","format":"standard","meta":{"footnotes":""},"categories":[11,23],"tags":[],"class_list":["post-5685","post","type-post","status-publish","format-standard","has-post-thumbnail","hentry","category-jurnale-tv","category-stiri"],"_links":{"self":[{"href":"https:\/\/tvgiurgiu.ro\/index.php\/wp-json\/wp\/v2\/posts\/5685","targetHints":{"allow":["GET"]}}],"collection":[{"href":"https:\/\/tvgiurgiu.ro\/index.php\/wp-json\/wp\/v2\/posts"}],"about":[{"href":"https:\/\/tvgiurgiu.ro\/index.php\/wp-json\/wp\/v2\/types\/post"}],"author":[{"embeddable":true,"href":"https:\/\/tvgiurgiu.ro\/index.php\/wp-json\/wp\/v2\/users\/4"}],"replies":[{"embeddable":true,"href":"https:\/\/tvgiurgiu.ro\/index.php\/wp-json\/wp\/v2\/comments?post=5685"}],"version-history":[{"count":0,"href":"https:\/\/tvgiurgiu.ro\/index.php\/wp-json\/wp\/v2\/posts\/5685\/revisions"}],"wp:featuredmedia":[{"embeddable":true,"href":"https:\/\/tvgiurgiu.ro\/index.php\/wp-json\/wp\/v2\/media\/5702"}],"wp:attachment":[{"href":"https:\/\/tvgiurgiu.ro\/index.php\/wp-json\/wp\/v2\/media?parent=5685"}],"wp:term":[{"taxonomy":"category","embeddable":true,"href":"https:\/\/tvgiurgiu.ro\/index.php\/wp-json\/wp\/v2\/categories?post=5685"},{"taxonomy":"post_tag","embeddable":true,"href":"https:\/\/tvgiurgiu.ro\/index.php\/wp-json\/wp\/v2\/tags?post=5685"}],"curies":[{"name":"wp","href":"https:\/\/api.w.org\/{rel}","templated":true}]}}