{"id":5944,"date":"2023-04-24T16:25:43","date_gmt":"2023-04-24T16:25:43","guid":{"rendered":"https:\/\/tvgiurgiu.ro\/?p=5944"},"modified":"2023-04-24T16:25:45","modified_gmt":"2023-04-24T16:25:45","slug":"planteaza-un-copac-salveaza-un-viitor-2","status":"publish","type":"post","link":"https:\/\/tvgiurgiu.ro\/index.php\/2023\/04\/24\/planteaza-un-copac-salveaza-un-viitor-2\/","title":{"rendered":"\u201ePlanteaz\u0103 un copac, salveaz\u0103 un viitor\u201d"},"content":{"rendered":"\n<figure class=\"wp-block-embed is-type-video is-provider-youtube wp-block-embed-youtube wp-embed-aspect-16-9 wp-has-aspect-ratio\"><div class=\"wp-block-embed__wrapper\">\n<iframe loading=\"lazy\" title=\"\u201ePlanteaz\u0103 un copac, salveaz\u0103 un viitor\u201d\" width=\"640\" height=\"360\" src=\"https:\/\/www.youtube.com\/embed\/NZgtnNA72jk?feature=oembed\" frameborder=\"0\" allow=\"accelerometer; autoplay; clipboard-write; encrypted-media; gyroscope; picture-in-picture; web-share\" referrerpolicy=\"strict-origin-when-cross-origin\" allowfullscreen><\/iframe>\n<\/div><\/figure>\n\n\n\n<p>Direc\u021bia Jude\u021bean\u0103 de Transport, institu\u021bie aflat\u0103 \u00een subordinea Consiliului Jude\u021bean Giurgiu, a organizat s\u00e2mb\u0103t\u0103, pe DJ 507 Giurgiu \u2013 Oinacu, o ampl\u0103 ac\u021biune de plantare.<br>Evenimentul a avut loc cu ocazia Zilei P\u0103m\u00e2ntului \u0219i a fost intitulat\u0103 \u201ePlanteaz\u0103 un copac, salveaz\u0103 un viitor\u201d.<br>Zeci de voluntari, at\u00e2t copii c\u00e2t \u0219i adul\u021bi, au plantat \u00een zona de siguran\u021b\u0103 a Drumului Jude\u021bean, 150 de copaci.<br>Al\u0103turi de ace\u0219tia au fost \u0219i pre\u0219edintele Consiliului Jude\u021bean Giurgiu, Dumitru Beianu, deputatul Alexandru Andrei, reprezentan\u021bi ai TNL Giurgiu, dar \u0219i \u0219eful Inspectoratului \u0218colar Jude\u021bean, Ion Ghimpe\u021beanu.<br>Adrian Chiran, pre\u0219edintele TNL Giurgiu, a mai spus c\u0103 plantarea acestor copaci va avea un impact semnificativ asupra biodiversit\u0103\u021bii locale ajut\u00e2nd la \u00eembun\u0103t\u0103\u021bireacalit\u0103\u021bii aerului.<\/p>\n","protected":false},"excerpt":{"rendered":"<p>Direc\u021bia Jude\u021bean\u0103 de Transport, institu\u021bie aflat\u0103 \u00een subordinea Consiliului Jude\u021bean Giurgiu, a organizat s\u00e2mb\u0103t\u0103, pe DJ 507 Giurgiu \u2013 Oinacu, o ampl\u0103 ac\u021biune de plantare.Evenimentul a avut loc cu ocazia Zilei P\u0103m\u00e2ntului \u0219i a fost intitulat\u0103 \u201ePlanteaz\u0103 un copac, salveaz\u0103 un viitor\u201d.Zeci de voluntari, at\u00e2t copii c\u00e2t \u0219i adul\u021bi, au plantat \u00een zona de siguran\u021b\u0103 [&hellip;]<\/p>\n","protected":false},"author":4,"featured_media":5947,"comment_status":"closed","ping_status":"open","sticky":false,"template":"","format":"standard","meta":{"footnotes":""},"categories":[11,23],"tags":[],"class_list":["post-5944","post","type-post","status-publish","format-standard","has-post-thumbnail","hentry","category-jurnale-tv","category-stiri"],"_links":{"self":[{"href":"https:\/\/tvgiurgiu.ro\/index.php\/wp-json\/wp\/v2\/posts\/5944","targetHints":{"allow":["GET"]}}],"collection":[{"href":"https:\/\/tvgiurgiu.ro\/index.php\/wp-json\/wp\/v2\/posts"}],"about":[{"href":"https:\/\/tvgiurgiu.ro\/index.php\/wp-json\/wp\/v2\/types\/post"}],"author":[{"embeddable":true,"href":"https:\/\/tvgiurgiu.ro\/index.php\/wp-json\/wp\/v2\/users\/4"}],"replies":[{"embeddable":true,"href":"https:\/\/tvgiurgiu.ro\/index.php\/wp-json\/wp\/v2\/comments?post=5944"}],"version-history":[{"count":0,"href":"https:\/\/tvgiurgiu.ro\/index.php\/wp-json\/wp\/v2\/posts\/5944\/revisions"}],"wp:featuredmedia":[{"embeddable":true,"href":"https:\/\/tvgiurgiu.ro\/index.php\/wp-json\/wp\/v2\/media\/5947"}],"wp:attachment":[{"href":"https:\/\/tvgiurgiu.ro\/index.php\/wp-json\/wp\/v2\/media?parent=5944"}],"wp:term":[{"taxonomy":"category","embeddable":true,"href":"https:\/\/tvgiurgiu.ro\/index.php\/wp-json\/wp\/v2\/categories?post=5944"},{"taxonomy":"post_tag","embeddable":true,"href":"https:\/\/tvgiurgiu.ro\/index.php\/wp-json\/wp\/v2\/tags?post=5944"}],"curies":[{"name":"wp","href":"https:\/\/api.w.org\/{rel}","templated":true}]}}