{"id":6006,"date":"2023-04-26T16:06:29","date_gmt":"2023-04-26T16:06:29","guid":{"rendered":"https:\/\/tvgiurgiu.ro\/?p=6006"},"modified":"2023-04-26T16:06:32","modified_gmt":"2023-04-26T16:06:32","slug":"cred-promotorul-schimbarii-in-educatia-din-romania","status":"publish","type":"post","link":"https:\/\/tvgiurgiu.ro\/index.php\/2023\/04\/26\/cred-promotorul-schimbarii-in-educatia-din-romania\/","title":{"rendered":"CRED &#8211; Promotorul schimb\u0103rii \u00een educa\u021bia din Rom\u00e2nia"},"content":{"rendered":"\n<figure class=\"wp-block-embed is-type-video is-provider-youtube wp-block-embed-youtube wp-embed-aspect-16-9 wp-has-aspect-ratio\"><div class=\"wp-block-embed__wrapper\">\n<iframe loading=\"lazy\" title=\"CRED   Promotorul schimb\u0103rii \u00een educa\u021bia din Rom\u00e2nia\" width=\"640\" height=\"360\" src=\"https:\/\/www.youtube.com\/embed\/WgW_eoGRjmY?feature=oembed\" frameborder=\"0\" allow=\"accelerometer; autoplay; clipboard-write; encrypted-media; gyroscope; picture-in-picture; web-share\" referrerpolicy=\"strict-origin-when-cross-origin\" allowfullscreen><\/iframe>\n<\/div><\/figure>\n\n\n\n<p>\u201eEduca\u021bia nonformal\u0103: actori, practici, perspective\u201d este numele unui nou workshop din cadrul proiectului \u201eCurriculum Relevant, Educa\u021bie Deschis\u0103 pentru to\u021bi\u201d &#8211; CRED organizat \u00een aceast\u0103 prim\u0103var\u0103 la nivelul \u00eentregii \u021b\u0103ri.<br>Acesta a fost prezentat miercuri \u0219i la sediul Inspectoratului \u0218colar Jude\u021bean Giurgiu, fiind organizat \u00een parteneriat de Casa Corpului Didactic Giurgiu \u0219i Casa Corpului Didactic Teleorman.<br>Conform reprezentan\u021bilor proiectului, acesta aduce un supliment de educa\u021bie non-formal\u0103 \u00een r\u00e2ndul \u0219colilor care sufer\u0103 din cauza cre\u0219terii gradului de abandon \u0219colar.<br>La evenimentul de miercuri au existat prezent\u0103ri ale Palatului Copiilor \u0219i Clubului Sportiv \u0218colar, dar \u0219i exemple de bune practici cu ocazia programelor \u201e\u0218coala Altfel\u201d \u0219i \u201eS\u0103pt\u0103m\u00e2na Verde\u201d.<br>Invitat special din partea Ministerului Educa\u021biei a fost profesorul Mihail Cioflan care a prezentat concluziile proiectului CRED, unul dedicat \u00eenv\u0103\u021b\u0103m\u00e2ntului primar \u0219i \u00eenv\u0103\u021b\u0103m\u00e2ntului gimnazial.<br>Unul dintre principalele obiective ale proiectului CRED a fost formarea cadrelor didactice din \u00eenv\u0103\u021b\u0103m\u00e2ntul primar \u0219i gimnazial \u00een vederea implement\u0103rii noului curriculum de gimnaziu \u0219i facilit\u0103rii tranzi\u021biei elevilor de la nivelul primar la cel gimnazial.<br>\u00cen cadrul proiectului au fost formate la nivel na\u021bional peste 50.000 de cadre didactice, 800 dintre acestea provenind din jude\u021bul nostru.<br>Mihail Cioflan a anun\u021bat \u00een cadrul prezent\u0103rii de la Giurgiu c\u0103 Ministerul Educa\u021biei a dat und\u0103 verde \u0219i proiectului CRED 2 care se va adresa \u00eenv\u0103\u021b\u0103m\u00e2ntului liceal.<\/p>\n","protected":false},"excerpt":{"rendered":"<p>\u201eEduca\u021bia nonformal\u0103: actori, practici, perspective\u201d este numele unui nou workshop din cadrul proiectului \u201eCurriculum Relevant, Educa\u021bie Deschis\u0103 pentru to\u021bi\u201d &#8211; CRED organizat \u00een aceast\u0103 prim\u0103var\u0103 la nivelul \u00eentregii \u021b\u0103ri.Acesta a fost prezentat miercuri \u0219i la sediul Inspectoratului \u0218colar Jude\u021bean Giurgiu, fiind organizat \u00een parteneriat de Casa Corpului Didactic Giurgiu \u0219i Casa Corpului Didactic Teleorman.Conform reprezentan\u021bilor [&hellip;]<\/p>\n","protected":false},"author":4,"featured_media":6009,"comment_status":"closed","ping_status":"open","sticky":false,"template":"","format":"standard","meta":{"footnotes":""},"categories":[11,23],"tags":[],"class_list":["post-6006","post","type-post","status-publish","format-standard","has-post-thumbnail","hentry","category-jurnale-tv","category-stiri"],"_links":{"self":[{"href":"https:\/\/tvgiurgiu.ro\/index.php\/wp-json\/wp\/v2\/posts\/6006","targetHints":{"allow":["GET"]}}],"collection":[{"href":"https:\/\/tvgiurgiu.ro\/index.php\/wp-json\/wp\/v2\/posts"}],"about":[{"href":"https:\/\/tvgiurgiu.ro\/index.php\/wp-json\/wp\/v2\/types\/post"}],"author":[{"embeddable":true,"href":"https:\/\/tvgiurgiu.ro\/index.php\/wp-json\/wp\/v2\/users\/4"}],"replies":[{"embeddable":true,"href":"https:\/\/tvgiurgiu.ro\/index.php\/wp-json\/wp\/v2\/comments?post=6006"}],"version-history":[{"count":0,"href":"https:\/\/tvgiurgiu.ro\/index.php\/wp-json\/wp\/v2\/posts\/6006\/revisions"}],"wp:featuredmedia":[{"embeddable":true,"href":"https:\/\/tvgiurgiu.ro\/index.php\/wp-json\/wp\/v2\/media\/6009"}],"wp:attachment":[{"href":"https:\/\/tvgiurgiu.ro\/index.php\/wp-json\/wp\/v2\/media?parent=6006"}],"wp:term":[{"taxonomy":"category","embeddable":true,"href":"https:\/\/tvgiurgiu.ro\/index.php\/wp-json\/wp\/v2\/categories?post=6006"},{"taxonomy":"post_tag","embeddable":true,"href":"https:\/\/tvgiurgiu.ro\/index.php\/wp-json\/wp\/v2\/tags?post=6006"}],"curies":[{"name":"wp","href":"https:\/\/api.w.org\/{rel}","templated":true}]}}