{"id":6029,"date":"2023-04-27T17:08:51","date_gmt":"2023-04-27T17:08:51","guid":{"rendered":"https:\/\/tvgiurgiu.ro\/?p=6029"},"modified":"2023-04-27T17:08:53","modified_gmt":"2023-04-27T17:08:53","slug":"unda-verde-pentru-hipoterapie","status":"publish","type":"post","link":"https:\/\/tvgiurgiu.ro\/index.php\/2023\/04\/27\/unda-verde-pentru-hipoterapie\/","title":{"rendered":"Und\u0103 verde pentru hipoterapie"},"content":{"rendered":"\n<figure class=\"wp-block-embed is-type-video is-provider-youtube wp-block-embed-youtube wp-embed-aspect-16-9 wp-has-aspect-ratio\"><div class=\"wp-block-embed__wrapper\">\n<iframe loading=\"lazy\" title=\"Und\u0103 verde pentru hipoterapie\" width=\"640\" height=\"360\" src=\"https:\/\/www.youtube.com\/embed\/7fkU6IRZGyE?feature=oembed\" frameborder=\"0\" allow=\"accelerometer; autoplay; clipboard-write; encrypted-media; gyroscope; picture-in-picture; web-share\" referrerpolicy=\"strict-origin-when-cross-origin\" allowfullscreen><\/iframe>\n<\/div><\/figure>\n\n\n\n<p>Unul dintre proiectele de hot\u0103r\u00e2re aprobate miercuri de consilierii jude\u021beni a vizat realizarea studiului de fezabilitate pentru \u201eCentrul integrat de hipoterapie pentru copii cu nevoi speciale\u201d.<br>Acesta va fi realizat \u00een localitatea Varlaam pe un teren cu o suprafa\u021b\u0103 de un hectar pus la dispozi\u021bie de prim\u0103ria comunei Aduna\u021bii-Cop\u0103ceni.<br>Proiectul este realizat \u00eempreun\u0103 cu Consiliul Jude\u021bean Ilfov \u0219i are o valoare de aproximativ un milion de euro. 20% din sum\u0103 va fi asigurat\u0103 de Consiliul Jude\u021bean Giurgiu, restul urm\u00e2nd s\u0103 fie suportat\u0103 de Consiliul Jude\u021bean Ilfov.<br>\u00cen cadrul \u0219edin\u021bei, pre\u0219edintele Consiliului Jude\u021bean Giurgiu, Dumitru Beianu, a \u021binut s\u0103 \u00eei mul\u021bumeasc\u0103 \u00eenc\u0103 o dat\u0103 lui Hubert Thuma de la conducerea Consiliului Jude\u021bean Ilfov.<br>Dumitru Beianu a explicat care sunt pa\u0219ii urm\u0103tori \u00een ceea ce prive\u0219te proiectul.<br>Hipoterapia este un tratament terapeutic realizat cu utilizarea cailor av\u00e2nd nenum\u0103rate beneficii pentru copiii cu dizabilit\u0103\u021bi motorii, autism, ADHD sau sindrom Down fiind folosit\u0103 ca metod\u0103 de recuperare \u00een numeroase centre din str\u0103in\u0103tate.<\/p>\n","protected":false},"excerpt":{"rendered":"<p>Unul dintre proiectele de hot\u0103r\u00e2re aprobate miercuri de consilierii jude\u021beni a vizat realizarea studiului de fezabilitate pentru \u201eCentrul integrat de hipoterapie pentru copii cu nevoi speciale\u201d.Acesta va fi realizat \u00een localitatea Varlaam pe un teren cu o suprafa\u021b\u0103 de un hectar pus la dispozi\u021bie de prim\u0103ria comunei Aduna\u021bii-Cop\u0103ceni.Proiectul este realizat \u00eempreun\u0103 cu Consiliul Jude\u021bean Ilfov [&hellip;]<\/p>\n","protected":false},"author":4,"featured_media":6032,"comment_status":"closed","ping_status":"open","sticky":false,"template":"","format":"standard","meta":{"footnotes":""},"categories":[11,23],"tags":[],"class_list":["post-6029","post","type-post","status-publish","format-standard","has-post-thumbnail","hentry","category-jurnale-tv","category-stiri"],"_links":{"self":[{"href":"https:\/\/tvgiurgiu.ro\/index.php\/wp-json\/wp\/v2\/posts\/6029","targetHints":{"allow":["GET"]}}],"collection":[{"href":"https:\/\/tvgiurgiu.ro\/index.php\/wp-json\/wp\/v2\/posts"}],"about":[{"href":"https:\/\/tvgiurgiu.ro\/index.php\/wp-json\/wp\/v2\/types\/post"}],"author":[{"embeddable":true,"href":"https:\/\/tvgiurgiu.ro\/index.php\/wp-json\/wp\/v2\/users\/4"}],"replies":[{"embeddable":true,"href":"https:\/\/tvgiurgiu.ro\/index.php\/wp-json\/wp\/v2\/comments?post=6029"}],"version-history":[{"count":0,"href":"https:\/\/tvgiurgiu.ro\/index.php\/wp-json\/wp\/v2\/posts\/6029\/revisions"}],"wp:featuredmedia":[{"embeddable":true,"href":"https:\/\/tvgiurgiu.ro\/index.php\/wp-json\/wp\/v2\/media\/6032"}],"wp:attachment":[{"href":"https:\/\/tvgiurgiu.ro\/index.php\/wp-json\/wp\/v2\/media?parent=6029"}],"wp:term":[{"taxonomy":"category","embeddable":true,"href":"https:\/\/tvgiurgiu.ro\/index.php\/wp-json\/wp\/v2\/categories?post=6029"},{"taxonomy":"post_tag","embeddable":true,"href":"https:\/\/tvgiurgiu.ro\/index.php\/wp-json\/wp\/v2\/tags?post=6029"}],"curies":[{"name":"wp","href":"https:\/\/api.w.org\/{rel}","templated":true}]}}