{"id":6037,"date":"2023-04-27T17:10:15","date_gmt":"2023-04-27T17:10:15","guid":{"rendered":"https:\/\/tvgiurgiu.ro\/?p=6037"},"modified":"2023-04-27T17:10:17","modified_gmt":"2023-04-27T17:10:17","slug":"ziua-veteranilor-de-razboi","status":"publish","type":"post","link":"https:\/\/tvgiurgiu.ro\/index.php\/2023\/04\/27\/ziua-veteranilor-de-razboi\/","title":{"rendered":"Ziua veteranilor de r\u0103zboi"},"content":{"rendered":"\n<figure class=\"wp-block-embed is-type-video is-provider-youtube wp-block-embed-youtube wp-embed-aspect-16-9 wp-has-aspect-ratio\"><div class=\"wp-block-embed__wrapper\">\n<iframe loading=\"lazy\" title=\"Ziua veteranilor de r\u0103zboi\" width=\"640\" height=\"360\" src=\"https:\/\/www.youtube.com\/embed\/6VGao5GVQuE?feature=oembed\" frameborder=\"0\" allow=\"accelerometer; autoplay; clipboard-write; encrypted-media; gyroscope; picture-in-picture; web-share\" referrerpolicy=\"strict-origin-when-cross-origin\" allowfullscreen><\/iframe>\n<\/div><\/figure>\n\n\n\n<p>Veteranii de r\u0103zboi vor fii oamgia\u021bi s\u00e2mb\u0103t\u0103 la Giurgiu cu prilejul zilei dedicate \u00een cinstea lor. \u00cenc\u0103 din 2007 guvernul a hot\u0103r\u00e2t ca ziua de 29 aprilie s\u0103 fie declarat\u0103 ziua veteranilor de r\u0103zboi. Cu acest prilej garnizoana de la Giurgiu a preg\u0103tit un eveniment plin de activit\u0103\u021bi. Programul activit\u0103\u021bilor zilei veteranilor de r\u0103zboi se va desf\u0103\u0219ura la \u201dMausoleul Eroilor\u201d din incinta Bisericii \u201d\u00cen\u0103l\u021barea Domnului\u201d . Manifest\u0103rile \u00eencep la ora 10 cu<\/p>\n\n\n\n<p>\u2022 10:00 \u2013 10:05 \u2013 Primirea oficialit\u0103\u021bilor \u0219i a invita\u021bilor;<br>\u2022 10:05 \u2013 10:10 \u2013 Mar\u0219ul de \u00eent\u00e2mpinare pentru oficialit\u0103\u021bi \u0219i intonarea Imnului Na\u021bional \u2013 Fanfara Centrului Cultural \u201dIon Vinea\u201d;<br>\u2022 10:10 \u2013 10:15 \u2013 Ceremonial religios oficiat de un sobor de preo\u021bi din cadrul Protoeriei Giurgiu;<br>\u2022 10:15 \u2013 10:20 \u2013 Cuv\u00e2nt de prezentare a semnifica\u021biei Zilei Veteranilor de R\u0103zboi\u2013 prezint\u0103 comandantul Garnizoanei Giurgiu, lt.col. Florinel Grigore;<br>\u2022 10:20 \u2013 10:50 \u2013 Depunerea de coroane de flori la Monumentul Eroilor din incinta bisericii \u201d\u00cen\u0103l\u021barea Domnului\u201d.<\/p>\n\n\n\n<p>\u00cen toate garnizoanele din \u0163ar\u0103 au loc astfel de ceremonii militare \u015fi religioase la monumentele dedicate eroilor din cel de-Al Doilea R\u0103zboi Mondial, adun\u0103ri solemne ale asocia\u0163iilor de veterani de r\u0103zboi, \u015fi activit\u0103\u0163i la monumentele \u015fi cimitirele eroilor.<\/p>\n","protected":false},"excerpt":{"rendered":"<p>Veteranii de r\u0103zboi vor fii oamgia\u021bi s\u00e2mb\u0103t\u0103 la Giurgiu cu prilejul zilei dedicate \u00een cinstea lor. \u00cenc\u0103 din 2007 guvernul a hot\u0103r\u00e2t ca ziua de 29 aprilie s\u0103 fie declarat\u0103 ziua veteranilor de r\u0103zboi. Cu acest prilej garnizoana de la Giurgiu a preg\u0103tit un eveniment plin de activit\u0103\u021bi. Programul activit\u0103\u021bilor zilei veteranilor de r\u0103zboi se [&hellip;]<\/p>\n","protected":false},"author":6,"featured_media":6040,"comment_status":"closed","ping_status":"open","sticky":false,"template":"","format":"standard","meta":{"footnotes":""},"categories":[11,23],"tags":[],"class_list":["post-6037","post","type-post","status-publish","format-standard","has-post-thumbnail","hentry","category-jurnale-tv","category-stiri"],"_links":{"self":[{"href":"https:\/\/tvgiurgiu.ro\/index.php\/wp-json\/wp\/v2\/posts\/6037","targetHints":{"allow":["GET"]}}],"collection":[{"href":"https:\/\/tvgiurgiu.ro\/index.php\/wp-json\/wp\/v2\/posts"}],"about":[{"href":"https:\/\/tvgiurgiu.ro\/index.php\/wp-json\/wp\/v2\/types\/post"}],"author":[{"embeddable":true,"href":"https:\/\/tvgiurgiu.ro\/index.php\/wp-json\/wp\/v2\/users\/6"}],"replies":[{"embeddable":true,"href":"https:\/\/tvgiurgiu.ro\/index.php\/wp-json\/wp\/v2\/comments?post=6037"}],"version-history":[{"count":0,"href":"https:\/\/tvgiurgiu.ro\/index.php\/wp-json\/wp\/v2\/posts\/6037\/revisions"}],"wp:featuredmedia":[{"embeddable":true,"href":"https:\/\/tvgiurgiu.ro\/index.php\/wp-json\/wp\/v2\/media\/6040"}],"wp:attachment":[{"href":"https:\/\/tvgiurgiu.ro\/index.php\/wp-json\/wp\/v2\/media?parent=6037"}],"wp:term":[{"taxonomy":"category","embeddable":true,"href":"https:\/\/tvgiurgiu.ro\/index.php\/wp-json\/wp\/v2\/categories?post=6037"},{"taxonomy":"post_tag","embeddable":true,"href":"https:\/\/tvgiurgiu.ro\/index.php\/wp-json\/wp\/v2\/tags?post=6037"}],"curies":[{"name":"wp","href":"https:\/\/api.w.org\/{rel}","templated":true}]}}