{"id":6058,"date":"2023-04-29T04:16:10","date_gmt":"2023-04-29T04:16:10","guid":{"rendered":"https:\/\/tvgiurgiu.ro\/?p=6058"},"modified":"2023-04-29T04:16:12","modified_gmt":"2023-04-29T04:16:12","slug":"luptatori-de-aur","status":"publish","type":"post","link":"https:\/\/tvgiurgiu.ro\/index.php\/2023\/04\/29\/luptatori-de-aur\/","title":{"rendered":"Lupt\u0103tori de \u201eaur\u201d"},"content":{"rendered":"\n<figure class=\"wp-block-embed is-type-video is-provider-youtube wp-block-embed-youtube wp-embed-aspect-16-9 wp-has-aspect-ratio\"><div class=\"wp-block-embed__wrapper\">\n<iframe loading=\"lazy\" title=\"Lupt\u0103tori de \u201eaur\u201d\" width=\"640\" height=\"360\" src=\"https:\/\/www.youtube.com\/embed\/KPFtXksZ1tQ?feature=oembed\" frameborder=\"0\" allow=\"accelerometer; autoplay; clipboard-write; encrypted-media; gyroscope; picture-in-picture; web-share\" referrerpolicy=\"strict-origin-when-cross-origin\" allowfullscreen><\/iframe>\n<\/div><\/figure>\n\n\n\n<p>Localitatea timi\u0219ean\u0103 Buzia\u0219 a g\u0103zduit s\u0103pt\u0103m\u00e2na trecut\u0103 finalele Campionatului Na\u021bional Individual \u201eCupa Rom\u00e2niei\u201d la lupte rezervat sportivilor sub 17 ani.<br>La competi\u021bie au participat \u0219i sportivi de la SCM Dun\u0103rea Giurgiu care au reu\u0219it s\u0103 ob\u021bin\u0103 dou\u0103 medalii.<br>Dup\u0103 ce anul trecut se impunea la categoria 100 de kilograme, Iulian B\u0103l\u0103ceanu a reu\u0219it acum s\u0103 triumfe \u00een finala categoriei superioare.<br>A doua medalie a delega\u021biei giurgiuvene a fost adus\u0103 de Petronel Roat\u0103 la categoria 92 de kilograme. \u00cen opinia antrenorului Florin Antonescu aceasta are o valoare de aur \u00een condi\u021biile \u00een care sportivul giurgiuvean a fost \u00eenvins de un campion european.<br>Pentru sec\u021bia de lupte a SCM Dun\u0103rea, urmeaz\u0103 luna viitoare, la Constan\u021ba, Finalele Campionatului Na\u021bional Individual rezervate sportivilor sub 20 de ani, municipiul Giurgiu urm\u00e2nd s\u0103 fie reprezentat de 2 sau 3 lupt\u0103tori.<\/p>\n","protected":false},"excerpt":{"rendered":"<p>Localitatea timi\u0219ean\u0103 Buzia\u0219 a g\u0103zduit s\u0103pt\u0103m\u00e2na trecut\u0103 finalele Campionatului Na\u021bional Individual \u201eCupa Rom\u00e2niei\u201d la lupte rezervat sportivilor sub 17 ani.La competi\u021bie au participat \u0219i sportivi de la SCM Dun\u0103rea Giurgiu care au reu\u0219it s\u0103 ob\u021bin\u0103 dou\u0103 medalii.Dup\u0103 ce anul trecut se impunea la categoria 100 de kilograme, Iulian B\u0103l\u0103ceanu a reu\u0219it acum s\u0103 triumfe \u00een [&hellip;]<\/p>\n","protected":false},"author":4,"featured_media":6061,"comment_status":"closed","ping_status":"open","sticky":false,"template":"","format":"standard","meta":{"footnotes":""},"categories":[11,13,23],"tags":[],"class_list":["post-6058","post","type-post","status-publish","format-standard","has-post-thumbnail","hentry","category-jurnale-tv","category-sport","category-stiri"],"_links":{"self":[{"href":"https:\/\/tvgiurgiu.ro\/index.php\/wp-json\/wp\/v2\/posts\/6058","targetHints":{"allow":["GET"]}}],"collection":[{"href":"https:\/\/tvgiurgiu.ro\/index.php\/wp-json\/wp\/v2\/posts"}],"about":[{"href":"https:\/\/tvgiurgiu.ro\/index.php\/wp-json\/wp\/v2\/types\/post"}],"author":[{"embeddable":true,"href":"https:\/\/tvgiurgiu.ro\/index.php\/wp-json\/wp\/v2\/users\/4"}],"replies":[{"embeddable":true,"href":"https:\/\/tvgiurgiu.ro\/index.php\/wp-json\/wp\/v2\/comments?post=6058"}],"version-history":[{"count":0,"href":"https:\/\/tvgiurgiu.ro\/index.php\/wp-json\/wp\/v2\/posts\/6058\/revisions"}],"wp:featuredmedia":[{"embeddable":true,"href":"https:\/\/tvgiurgiu.ro\/index.php\/wp-json\/wp\/v2\/media\/6061"}],"wp:attachment":[{"href":"https:\/\/tvgiurgiu.ro\/index.php\/wp-json\/wp\/v2\/media?parent=6058"}],"wp:term":[{"taxonomy":"category","embeddable":true,"href":"https:\/\/tvgiurgiu.ro\/index.php\/wp-json\/wp\/v2\/categories?post=6058"},{"taxonomy":"post_tag","embeddable":true,"href":"https:\/\/tvgiurgiu.ro\/index.php\/wp-json\/wp\/v2\/tags?post=6058"}],"curies":[{"name":"wp","href":"https:\/\/api.w.org\/{rel}","templated":true}]}}