{"id":6066,"date":"2023-04-29T04:18:02","date_gmt":"2023-04-29T04:18:02","guid":{"rendered":"https:\/\/tvgiurgiu.ro\/?p=6066"},"modified":"2023-04-29T04:18:04","modified_gmt":"2023-04-29T04:18:04","slug":"posibile-intarzieri-in-vama","status":"publish","type":"post","link":"https:\/\/tvgiurgiu.ro\/index.php\/2023\/04\/29\/posibile-intarzieri-in-vama\/","title":{"rendered":"Posibile \u00eent\u00e2rzieri \u00een vam\u0103"},"content":{"rendered":"\n<figure class=\"wp-block-embed is-type-video is-provider-youtube wp-block-embed-youtube wp-embed-aspect-16-9 wp-has-aspect-ratio\"><div class=\"wp-block-embed__wrapper\">\n<iframe loading=\"lazy\" title=\"Posibile \u00eent\u00e2rzieri \u00een vam\u0103\" width=\"640\" height=\"360\" src=\"https:\/\/www.youtube.com\/embed\/aZHX4PPP6K0?feature=oembed\" frameborder=\"0\" allow=\"accelerometer; autoplay; clipboard-write; encrypted-media; gyroscope; picture-in-picture; web-share\" referrerpolicy=\"strict-origin-when-cross-origin\" allowfullscreen><\/iframe>\n<\/div><\/figure>\n\n\n\n<p>MAE a emis o avertizare pentru rom\u00e2nii care inten\u021bioneaz\u0103 s\u0103 treac\u0103 frontiera cu Bulgaria \u00een perioada 28 aprilie \u2013 1 mai. Mai exact, oficialii preconizeaz\u0103 \u00eenregistrarea unor timpi de a\u015fteptare ridica\u0163i la punctele de trecere a frontierelor rutiere. Totul din cauza tranzit\u0103rii cet\u0103\u021benilor care inten\u0163ioneaz\u0103 s\u0103 c\u0103l\u0103toreasc\u0103 \u00een Bulgaria c\u0103tre Grecia \u015fi Turcia, precum \u015fi retur c\u0103tre Rom\u00e2nia \u00een perioada men\u021bionat\u0103.<br>Av\u00e2nd \u00een vedere aceast\u0103 situa\u021bie, se recomand\u0103 cet\u0103\u0163enilor rom\u00e2ni s\u0103 foloseasc\u0103 toate punctele de frontier\u0103 \u015fi s\u0103 se asigure c\u0103 de\u0163in combustibil, ap\u0103, alimente suficiente pentru astfel de situa\u0163ii. De asemenea, cet\u0103\u0163enilor rom\u00e2ni ce revin \u00een Rom\u00e2nia \u00een 1 mai li se recomand\u0103 s\u0103 aib\u0103 \u00een vedere posibilitatea m\u0103ririi considerabile a timpilor de a\u015fteptare la trecerea prin punctul de frontier\u0103 Ruse, la taxa de pod, atunci c\u00e2nd turi\u015ftii rom\u00e2ni revin \u00een Rom\u00e2nia \u015fi aleg s\u0103 intre \u00een \u0163ar\u0103 prin PTF de la podul Giurgiu-Ruse.<br>Se recomand\u0103 ca turi\u015ftii rom\u00e2ni care aleg s\u0103 revin\u0103 \u00een \u0163ar\u0103 prin PTF Ruse s\u0103 preg\u0103teasc\u0103, \u00een prealabil, suma exact\u0103 pentru taxa de pod, \u015fi anume 2 (doi) euro (monede cu valoare nominal\u0103 de 1 euro sau 2 euro) sau 4 (patru) leva, \u00een acest mod put\u00e2nd fi scurta\u0163i considerabil timpii de a\u015fteptare la procesarea \u015fi eliberarea documentelor justificative tip chitan\u0163e, facturi sau bonuri fiscale.<br>\u00cen acest context, este important\u0103 informarea corect\u0103, achizi\u0163ionarea din timp a vinietelor electronice \u015fi achitarea conform\u0103 a taxelor de drum tip TOLL, pentru folosirea infrastructurii rutiere publice din R. Bulgaria, \u00een conformitate cu legisla\u0163ia \u00een vigoare.<br>Potrivit MAE, se recomand\u0103 firmelor rom\u00e2ne\u015fti de transport interna\u0163ional de marf\u0103 sau pasageri care tranziteaz\u0103 teritoriul bulgar \u00een aceast\u0103 perioad\u0103 s\u0103 ia m\u0103surile adecvate \u00een vederea organiz\u0103rii temeinice a itinerariilor de deplasare \u015fi stabilirii programului de lucru al conduc\u0103torilor auto, prin luarea \u00een considerare a unor timpi de a\u015fteptare considerabil m\u0103ri\u0163i la trecerea frontierelor.<br>De asemenea, se recomand\u0103 folosirea, pentru intrarea \u00een Rom\u00e2nia, \u015fi a celelorlalte puncte de trecere a frontierei situate la frontiera cu Bulgaria, precum PCTF Vidin \u2013 Calafat, PCTF Kardam \u2013 Negru Vod\u0103, PCTF Oryahovo \u2013 Bechet (ferry), PCTF Dobromir \u2013 Krushari (maxim 3,5 tone), PCTF Kainardzha \u2013 Lipni\u0163a (maxim 3,5 tone), PCTF Nikopol \u2013 Turnu M\u0103gurele (ferry) \u015fi PCTF Svishtov \u2013 Zimnicea (ferry), ultimele patru PCTF cu program de func\u0163ionare \u00een intervalul orar 08:00 \u2013 20:00.<\/p>\n","protected":false},"excerpt":{"rendered":"<p>MAE a emis o avertizare pentru rom\u00e2nii care inten\u021bioneaz\u0103 s\u0103 treac\u0103 frontiera cu Bulgaria \u00een perioada 28 aprilie \u2013 1 mai. Mai exact, oficialii preconizeaz\u0103 \u00eenregistrarea unor timpi de a\u015fteptare ridica\u0163i la punctele de trecere a frontierelor rutiere. Totul din cauza tranzit\u0103rii cet\u0103\u021benilor care inten\u0163ioneaz\u0103 s\u0103 c\u0103l\u0103toreasc\u0103 \u00een Bulgaria c\u0103tre Grecia \u015fi Turcia, precum \u015fi [&hellip;]<\/p>\n","protected":false},"author":6,"featured_media":6069,"comment_status":"closed","ping_status":"open","sticky":false,"template":"","format":"standard","meta":{"footnotes":""},"categories":[11,23],"tags":[],"class_list":["post-6066","post","type-post","status-publish","format-standard","has-post-thumbnail","hentry","category-jurnale-tv","category-stiri"],"_links":{"self":[{"href":"https:\/\/tvgiurgiu.ro\/index.php\/wp-json\/wp\/v2\/posts\/6066","targetHints":{"allow":["GET"]}}],"collection":[{"href":"https:\/\/tvgiurgiu.ro\/index.php\/wp-json\/wp\/v2\/posts"}],"about":[{"href":"https:\/\/tvgiurgiu.ro\/index.php\/wp-json\/wp\/v2\/types\/post"}],"author":[{"embeddable":true,"href":"https:\/\/tvgiurgiu.ro\/index.php\/wp-json\/wp\/v2\/users\/6"}],"replies":[{"embeddable":true,"href":"https:\/\/tvgiurgiu.ro\/index.php\/wp-json\/wp\/v2\/comments?post=6066"}],"version-history":[{"count":0,"href":"https:\/\/tvgiurgiu.ro\/index.php\/wp-json\/wp\/v2\/posts\/6066\/revisions"}],"wp:featuredmedia":[{"embeddable":true,"href":"https:\/\/tvgiurgiu.ro\/index.php\/wp-json\/wp\/v2\/media\/6069"}],"wp:attachment":[{"href":"https:\/\/tvgiurgiu.ro\/index.php\/wp-json\/wp\/v2\/media?parent=6066"}],"wp:term":[{"taxonomy":"category","embeddable":true,"href":"https:\/\/tvgiurgiu.ro\/index.php\/wp-json\/wp\/v2\/categories?post=6066"},{"taxonomy":"post_tag","embeddable":true,"href":"https:\/\/tvgiurgiu.ro\/index.php\/wp-json\/wp\/v2\/tags?post=6066"}],"curies":[{"name":"wp","href":"https:\/\/api.w.org\/{rel}","templated":true}]}}