{"id":6078,"date":"2023-05-03T04:30:04","date_gmt":"2023-05-03T04:30:04","guid":{"rendered":"https:\/\/tvgiurgiu.ro\/?p=6078"},"modified":"2023-05-03T04:30:10","modified_gmt":"2023-05-03T04:30:10","slug":"doua-turnee-alte-medalii","status":"publish","type":"post","link":"https:\/\/tvgiurgiu.ro\/index.php\/2023\/05\/03\/doua-turnee-alte-medalii\/","title":{"rendered":"Dou\u0103 turnee, alte medalii"},"content":{"rendered":"\n<figure class=\"wp-block-embed is-type-video is-provider-youtube wp-block-embed-youtube wp-embed-aspect-16-9 wp-has-aspect-ratio\"><div class=\"wp-block-embed__wrapper\">\n<iframe loading=\"lazy\" title=\"Dou\u0103 turnee, alte medalii\" width=\"640\" height=\"360\" src=\"https:\/\/www.youtube.com\/embed\/RHUbdKRbuDI?feature=oembed\" frameborder=\"0\" allow=\"accelerometer; autoplay; clipboard-write; encrypted-media; gyroscope; picture-in-picture; web-share\" referrerpolicy=\"strict-origin-when-cross-origin\" allowfullscreen><\/iframe>\n<\/div><\/figure>\n\n\n\n<p>Micii sportivi de la C\u0103t\u0103lin Paraschiv Tennis Team au \u00eencheiat luna aprilie \u00een for\u021b\u0103.<br>Prezen\u021bi la Br\u0103ila \u0219i Bucure\u0219ti pentru dou\u0103 turnee din calendarul competi\u021bional, giurgiuvenii s-au \u00eentors cu \u0219ase medalii.<br>Astfel, la Br\u0103ila, Iulia Radu \u0219i Darius B\u00e2rlan au ob\u021binut primul loc, Erika St\u0103ncule\u021b s-a clasat pe locul 3 \u00een timp ce Antonia Banu a primit o medalie onorific\u0103 din partea organizatorilor pentru tehnica \u0219i sportivitatea etalate.<br>\u00cen Capital\u0103, Darius Vintil\u0103 a c\u00e2\u0219tigat turneul la categoria sa de v\u00e2rst\u0103 (nivelul portocaliu), \u00een timp ce Iustin Co\u021bofan\u0103 s-a ales cu bronzul.<br>Competi\u021biile vor continua \u0219i \u00een luna mai, iar pentru luna iunie C\u0103t\u0103lin Paraschiv a preg\u0103tit un program special pentru elevii s\u0103i \u00een care, ca de obicei, se va \u00eembina utilul cu pl\u0103cutul.<br>Este vorba despre unul dintre turneele ITF, programat \u00een perioada 19-25 iunie \u00een municipiul Cluj-Napoca. Celelalte vor avea loc \u00een lunile iulie \u0219i august \u00een Bucure\u0219ti (2), Arad, Bra\u0219ov \u0219i Bistri\u021ba (c\u00e2te unul).<\/p>\n","protected":false},"excerpt":{"rendered":"<p>Micii sportivi de la C\u0103t\u0103lin Paraschiv Tennis Team au \u00eencheiat luna aprilie \u00een for\u021b\u0103.Prezen\u021bi la Br\u0103ila \u0219i Bucure\u0219ti pentru dou\u0103 turnee din calendarul competi\u021bional, giurgiuvenii s-au \u00eentors cu \u0219ase medalii.Astfel, la Br\u0103ila, Iulia Radu \u0219i Darius B\u00e2rlan au ob\u021binut primul loc, Erika St\u0103ncule\u021b s-a clasat pe locul 3 \u00een timp ce Antonia Banu a primit [&hellip;]<\/p>\n","protected":false},"author":4,"featured_media":6081,"comment_status":"closed","ping_status":"open","sticky":false,"template":"","format":"standard","meta":{"footnotes":""},"categories":[11,13,23],"tags":[],"class_list":["post-6078","post","type-post","status-publish","format-standard","has-post-thumbnail","hentry","category-jurnale-tv","category-sport","category-stiri"],"_links":{"self":[{"href":"https:\/\/tvgiurgiu.ro\/index.php\/wp-json\/wp\/v2\/posts\/6078","targetHints":{"allow":["GET"]}}],"collection":[{"href":"https:\/\/tvgiurgiu.ro\/index.php\/wp-json\/wp\/v2\/posts"}],"about":[{"href":"https:\/\/tvgiurgiu.ro\/index.php\/wp-json\/wp\/v2\/types\/post"}],"author":[{"embeddable":true,"href":"https:\/\/tvgiurgiu.ro\/index.php\/wp-json\/wp\/v2\/users\/4"}],"replies":[{"embeddable":true,"href":"https:\/\/tvgiurgiu.ro\/index.php\/wp-json\/wp\/v2\/comments?post=6078"}],"version-history":[{"count":0,"href":"https:\/\/tvgiurgiu.ro\/index.php\/wp-json\/wp\/v2\/posts\/6078\/revisions"}],"wp:featuredmedia":[{"embeddable":true,"href":"https:\/\/tvgiurgiu.ro\/index.php\/wp-json\/wp\/v2\/media\/6081"}],"wp:attachment":[{"href":"https:\/\/tvgiurgiu.ro\/index.php\/wp-json\/wp\/v2\/media?parent=6078"}],"wp:term":[{"taxonomy":"category","embeddable":true,"href":"https:\/\/tvgiurgiu.ro\/index.php\/wp-json\/wp\/v2\/categories?post=6078"},{"taxonomy":"post_tag","embeddable":true,"href":"https:\/\/tvgiurgiu.ro\/index.php\/wp-json\/wp\/v2\/tags?post=6078"}],"curies":[{"name":"wp","href":"https:\/\/api.w.org\/{rel}","templated":true}]}}