{"id":6090,"date":"2023-05-03T04:32:00","date_gmt":"2023-05-03T04:32:00","guid":{"rendered":"https:\/\/tvgiurgiu.ro\/?p=6090"},"modified":"2023-05-03T04:32:04","modified_gmt":"2023-05-03T04:32:04","slug":"istoria-zilei-de-1-mai","status":"publish","type":"post","link":"https:\/\/tvgiurgiu.ro\/index.php\/2023\/05\/03\/istoria-zilei-de-1-mai\/","title":{"rendered":"Istoria zilei de 1 mai"},"content":{"rendered":"\n<figure class=\"wp-block-embed is-type-video is-provider-youtube wp-block-embed-youtube wp-embed-aspect-16-9 wp-has-aspect-ratio\"><div class=\"wp-block-embed__wrapper\">\n<iframe loading=\"lazy\" title=\"Istoria zilei de 1 mai\" width=\"640\" height=\"360\" src=\"https:\/\/www.youtube.com\/embed\/Xfny4VsVlFk?feature=oembed\" frameborder=\"0\" allow=\"accelerometer; autoplay; clipboard-write; encrypted-media; gyroscope; picture-in-picture; web-share\" referrerpolicy=\"strict-origin-when-cross-origin\" allowfullscreen><\/iframe>\n<\/div><\/figure>\n\n\n\n<p>Potrivit wikipedia \u00een anul1889, Congresul Interna\u0163ionalei a decretat ziua de 1 Mai ca Ziua Interna\u0163ional\u0103 a Muncii, \u00een memoria victimelor grevei generale din Chicago, ziua fiind comemorat\u0103 prin manifesta\u0163ii muncitore\u015fti.Cu timpul, 1 mai a devenit s\u0103rb\u0103toarea muncii \u00een majoritatea \u0163\u0103rilor lumii, diversele manifest\u0103ri c\u0103p\u0103t\u00e2nd amploare pe m\u0103sur\u0103 ce autorit\u0103\u0163ile au convenit cu sindicatele ca aceast\u0103 zi s\u0103 fie liber\u0103.<br>Ziua de 1 Mai este considerat\u0103 \u015fi \u00een Rom\u00e2nia s\u0103rb\u0103toare legal\u0103.<br>Reducerea normei orare zilnice de lucru st\u0103 la originea semnifica\u0163iei zilei de 1 mai, de s\u0103rb\u0103toare interna\u0163ional\u0103 a lucr\u0103torilor. \u00cen anul 1872, circa 100 de mii de lucr\u0103tori din New York, majoritatea din industria construc\u0163iilor, au demonstrat, cer\u00e2nd reducerea timpului de lucru la 8 ore.<br>Data de 1 mai apare, pentru prima dat\u0103, \u00een leg\u0103tur\u0103 cu \u00eentrunirea, din anul 1886, a Federa\u0163iei Sindicatelor din Statele Unite \u015fi Canadei (precursoarea Federa\u0163iei Americane a Muncii). George Edmonston, fondatorul Uniunii Dulgherilor \u015fi T\u00e2mplarilor a ini\u0163iat introducerea unei rezolu\u0163ii care stipula ca: \u201e8 ore s\u0103 constituie ziua legal\u0103 de munc\u0103 de la, \u015fi dup\u0103 1 mai 1886\u201d, suger\u00e2ndu-se organiza\u0163iilor muncitore\u015fti respectarea acesteia<br>Numit\u0103 si Ziua Pelinului sau Ziua Be\u0163ivilor,ZIUA MUNCII semnific\u0103, \u00een tradi\u0163ia popular\u0103, \u00eenceputul verii. Denumirea de Armindeni (Armendina, Armindin, Arminder) provine de la numele profetului Ieremia din calendarul cre\u015ftin.<br>De1 MAI, Ziua Pelinului, oamenii obi\u015fnuiesc s\u0103 se rostogoleasc\u0103 prin iarb\u0103, s\u0103 se spele pe maini si pe fata cu roua, dar \u015fi s\u0103 poarte pelinul la palarie, in san, in buzunare, \u201eca sa fii ferit de rele si sa ai noroc tot anul\u201d.De1 MAI, Ziua Be\u0163ivului,se bea vin pelin rosu \u201eca sa fii sanatos, puternic si rumen in obraji\u201d.<br>\u00cen Rom\u00e2nia, Ziua Muncii a fost s\u0103rb\u0103torit\u0103 pentru prima dat\u0103 la data de 1 mai 1890, av\u00e2nd denumirea de \u201eZiua Solidarit\u0103\u021bii oamenilor muncii\u201d.<br>\u00cen perioada comunist\u0103, aceast\u0103 zi era marcat\u0103 prin manifesta\u021bii ale armatei \u0219i ale munictorilor rom\u00e2ni.<\/p>\n","protected":false},"excerpt":{"rendered":"<p>Potrivit wikipedia \u00een anul1889, Congresul Interna\u0163ionalei a decretat ziua de 1 Mai ca Ziua Interna\u0163ional\u0103 a Muncii, \u00een memoria victimelor grevei generale din Chicago, ziua fiind comemorat\u0103 prin manifesta\u0163ii muncitore\u015fti.Cu timpul, 1 mai a devenit s\u0103rb\u0103toarea muncii \u00een majoritatea \u0163\u0103rilor lumii, diversele manifest\u0103ri c\u0103p\u0103t\u00e2nd amploare pe m\u0103sur\u0103 ce autorit\u0103\u0163ile au convenit cu sindicatele ca aceast\u0103 [&hellip;]<\/p>\n","protected":false},"author":6,"featured_media":6093,"comment_status":"closed","ping_status":"open","sticky":false,"template":"","format":"standard","meta":{"footnotes":""},"categories":[11,23],"tags":[],"class_list":["post-6090","post","type-post","status-publish","format-standard","has-post-thumbnail","hentry","category-jurnale-tv","category-stiri"],"_links":{"self":[{"href":"https:\/\/tvgiurgiu.ro\/index.php\/wp-json\/wp\/v2\/posts\/6090","targetHints":{"allow":["GET"]}}],"collection":[{"href":"https:\/\/tvgiurgiu.ro\/index.php\/wp-json\/wp\/v2\/posts"}],"about":[{"href":"https:\/\/tvgiurgiu.ro\/index.php\/wp-json\/wp\/v2\/types\/post"}],"author":[{"embeddable":true,"href":"https:\/\/tvgiurgiu.ro\/index.php\/wp-json\/wp\/v2\/users\/6"}],"replies":[{"embeddable":true,"href":"https:\/\/tvgiurgiu.ro\/index.php\/wp-json\/wp\/v2\/comments?post=6090"}],"version-history":[{"count":0,"href":"https:\/\/tvgiurgiu.ro\/index.php\/wp-json\/wp\/v2\/posts\/6090\/revisions"}],"wp:featuredmedia":[{"embeddable":true,"href":"https:\/\/tvgiurgiu.ro\/index.php\/wp-json\/wp\/v2\/media\/6093"}],"wp:attachment":[{"href":"https:\/\/tvgiurgiu.ro\/index.php\/wp-json\/wp\/v2\/media?parent=6090"}],"wp:term":[{"taxonomy":"category","embeddable":true,"href":"https:\/\/tvgiurgiu.ro\/index.php\/wp-json\/wp\/v2\/categories?post=6090"},{"taxonomy":"post_tag","embeddable":true,"href":"https:\/\/tvgiurgiu.ro\/index.php\/wp-json\/wp\/v2\/tags?post=6090"}],"curies":[{"name":"wp","href":"https:\/\/api.w.org\/{rel}","templated":true}]}}