{"id":6094,"date":"2023-05-03T04:32:35","date_gmt":"2023-05-03T04:32:35","guid":{"rendered":"https:\/\/tvgiurgiu.ro\/?p=6094"},"modified":"2023-05-03T04:32:38","modified_gmt":"2023-05-03T04:32:38","slug":"mai-putini-in-fiecare-an","status":"publish","type":"post","link":"https:\/\/tvgiurgiu.ro\/index.php\/2023\/05\/03\/mai-putini-in-fiecare-an\/","title":{"rendered":"Mai pu\u021bini \u00een fiecare an"},"content":{"rendered":"\n<figure class=\"wp-block-embed is-type-video is-provider-youtube wp-block-embed-youtube wp-embed-aspect-16-9 wp-has-aspect-ratio\"><div class=\"wp-block-embed__wrapper\">\n<iframe loading=\"lazy\" title=\"Mai pu\u021bini \u00een fiecare an\" width=\"640\" height=\"360\" src=\"https:\/\/www.youtube.com\/embed\/O6m4Zea1JMk?feature=oembed\" frameborder=\"0\" allow=\"accelerometer; autoplay; clipboard-write; encrypted-media; gyroscope; picture-in-picture; web-share\" referrerpolicy=\"strict-origin-when-cross-origin\" allowfullscreen><\/iframe>\n<\/div><\/figure>\n\n\n\n<p>Tradi\u021bia \u00een ziua de 1 mai este s\u0103 petreci \u00een aer liber la un gr\u0103tar de mici. Aceasta \u00eens\u0103 se pierde de la un an la altul. La Giurgiu locul unde se str\u00e2ngeau oamenii era p\u0103durea B\u0103l\u0103noaia. \u00cen anii trecu\u021bi locul de aici era ne\u00eenc\u0103p\u0103tor \u0219i aproape c\u0103 nu avea unde s\u0103 p\u0103\u0219e\u0219ti de oameni care st\u0103teau pe p\u0103tur\u0103 la iarb\u0103 verde \u0219i copii care se jucau diferite jocuri.Mirosul era unul \u00eembietor de gr\u0103tare \u00een care primul loc \u00eel ocupau tradi\u021bionalii mici.<br>Acum \u00een tot acest loc abia dac\u0103 z\u0103re\u0219ti c\u00e2teva familii care aleg s\u0103 vin\u0103 aici. Cei mai mul\u021bi dintre ei au ales s\u0103 nu rateze deschiderea sezonului estival \u0219i o alt\u0103 categorie au ales s\u0103 s\u0103rb\u0103toreasc\u0103 \u00een lini\u0219te \u00een sta\u021biunile montane.<br>Acest\u0103 distrac\u021bia va \u021bine doar azi pentru c\u0103 de m\u00e2ine se reia programul normal c\u00e2nd at\u00e2t \u0219colarii c\u00e2t \u0219i salaria\u021bii se vor \u00eentoarce \u00een b\u0103nci respectiv la locurile de munc\u0103. Urm\u0103toarea minivacan\u021b\u0103 a rom\u00e2nilor va avea loc \u00e2\u00eencep\u00e2nd cu ziua de 1 iunie.<\/p>\n","protected":false},"excerpt":{"rendered":"<p>Tradi\u021bia \u00een ziua de 1 mai este s\u0103 petreci \u00een aer liber la un gr\u0103tar de mici. Aceasta \u00eens\u0103 se pierde de la un an la altul. La Giurgiu locul unde se str\u00e2ngeau oamenii era p\u0103durea B\u0103l\u0103noaia. \u00cen anii trecu\u021bi locul de aici era ne\u00eenc\u0103p\u0103tor \u0219i aproape c\u0103 nu avea unde s\u0103 p\u0103\u0219e\u0219ti de oameni [&hellip;]<\/p>\n","protected":false},"author":6,"featured_media":6097,"comment_status":"closed","ping_status":"open","sticky":false,"template":"","format":"standard","meta":{"footnotes":""},"categories":[11,23],"tags":[],"class_list":["post-6094","post","type-post","status-publish","format-standard","has-post-thumbnail","hentry","category-jurnale-tv","category-stiri"],"_links":{"self":[{"href":"https:\/\/tvgiurgiu.ro\/index.php\/wp-json\/wp\/v2\/posts\/6094","targetHints":{"allow":["GET"]}}],"collection":[{"href":"https:\/\/tvgiurgiu.ro\/index.php\/wp-json\/wp\/v2\/posts"}],"about":[{"href":"https:\/\/tvgiurgiu.ro\/index.php\/wp-json\/wp\/v2\/types\/post"}],"author":[{"embeddable":true,"href":"https:\/\/tvgiurgiu.ro\/index.php\/wp-json\/wp\/v2\/users\/6"}],"replies":[{"embeddable":true,"href":"https:\/\/tvgiurgiu.ro\/index.php\/wp-json\/wp\/v2\/comments?post=6094"}],"version-history":[{"count":0,"href":"https:\/\/tvgiurgiu.ro\/index.php\/wp-json\/wp\/v2\/posts\/6094\/revisions"}],"wp:featuredmedia":[{"embeddable":true,"href":"https:\/\/tvgiurgiu.ro\/index.php\/wp-json\/wp\/v2\/media\/6097"}],"wp:attachment":[{"href":"https:\/\/tvgiurgiu.ro\/index.php\/wp-json\/wp\/v2\/media?parent=6094"}],"wp:term":[{"taxonomy":"category","embeddable":true,"href":"https:\/\/tvgiurgiu.ro\/index.php\/wp-json\/wp\/v2\/categories?post=6094"},{"taxonomy":"post_tag","embeddable":true,"href":"https:\/\/tvgiurgiu.ro\/index.php\/wp-json\/wp\/v2\/tags?post=6094"}],"curies":[{"name":"wp","href":"https:\/\/api.w.org\/{rel}","templated":true}]}}