{"id":6113,"date":"2023-05-03T04:51:56","date_gmt":"2023-05-03T04:51:56","guid":{"rendered":"https:\/\/tvgiurgiu.ro\/?p=6113"},"modified":"2023-05-03T04:51:58","modified_gmt":"2023-05-03T04:51:58","slug":"cupa-satelor-baneasa-merge-la-turneul-final","status":"publish","type":"post","link":"https:\/\/tvgiurgiu.ro\/index.php\/2023\/05\/03\/cupa-satelor-baneasa-merge-la-turneul-final\/","title":{"rendered":"\u201eCupa Satelor\u201d: B\u0103neasa merge la turneul final"},"content":{"rendered":"\n<figure class=\"wp-block-embed is-type-video is-provider-youtube wp-block-embed-youtube wp-embed-aspect-16-9 wp-has-aspect-ratio\"><div class=\"wp-block-embed__wrapper\">\n<iframe loading=\"lazy\" title=\"\u201eCupa Satelor\u201d B\u0103neasa merge la turneul final\" width=\"640\" height=\"360\" src=\"https:\/\/www.youtube.com\/embed\/mILUpnN5kr0?feature=oembed\" frameborder=\"0\" allow=\"accelerometer; autoplay; clipboard-write; encrypted-media; gyroscope; picture-in-picture; web-share\" referrerpolicy=\"strict-origin-when-cross-origin\" allowfullscreen><\/iframe>\n<\/div><\/figure>\n\n\n\n<p>Calificare de senza\u021bie pentru UAT B\u0103neasa. Campioana jude\u021bului Giurgiu \u00een competi\u021bia \u201eCupa Satelor\u201d, rezervat\u0103 juniorilor sub 13 an, merge la turneul final!<br>Echipa antrenat\u0103 de profesorul Adrian Dinu a reu\u0219it s\u0103 \u00eenving\u0103 \u00een finala fazei zonale pe UAT Ulmeni, campioana jude\u021bului C\u0103l\u0103ra\u0219i, dup\u0103 executarea loviturilor de departajare.<br>Interesant este faptul c\u0103 \u0219i anul trecut cele dou\u0103 forma\u021bii s-au \u00eent\u00e2lnit \u00een finala zonal\u0103 c\u00e2\u0219tig de cauz\u0103 av\u00e2nd atunci echipa din Ulmeni.<br>Echipa c\u00e2\u0219tig\u0103toare este format\u0103 din elevi ai \u0219colilor din comun\u0103 cu v\u00e2rste cuprinse \u00eentre 10 \u0219i 13 ani. Ace\u0219tia sunt preg\u0103ti\u021bi de Adrian Dinu, profesor de educa\u021bie fizic\u0103 \u0219i sport la \u0219coala din B\u0103neasa.<br>Turneul Final al competi\u021biei organizate de Federa\u021bia Rom\u00e2n\u0103 de Fotbal se va desf\u0103\u0219ura \u00een perioada 11-14 mai \u00een localitatea Baia de Fier, jude\u021bul Gorj.<br>Vor fi prezente campioanele celor 8 zone printre care \u0219i UAT B\u0103neasa. O premier\u0103 pentru jude\u021bul Giurgiu la aceast\u0103 competi\u021bie.<br>\u201eCupa Satelor\u201d este un amplu proiect de promovare a fotbalului \u00een mediul rural \u0219i de descoperire de noi talente.<br>P\u00e2n\u0103 acum, la turneul final al competi\u021biei s-au calificat UAT B\u0103neasa (din jude\u021bul Giurgiu), UAT Buc\u0219ani (din jude\u021bul D\u00e2mbovi\u021ba), UAT Cump\u0103na (din jude\u021bul Constan\u021ba), UAT Ruginoasa (din jude\u021bul Ia\u0219i) \u0219i UAT Dumbr\u0103vi\u021ba (din jude\u021bul Timi\u0219) &#8211; ultimele dou\u0103 fiind foste c\u00e2\u0219tig\u0103toare ale Cupei.<br>Zonele 5, 7 \u0219i 8 \u00ee\u0219i vor desemna c\u00e2\u0219tig\u0103toarea \u00een aceast\u0103 s\u0103pt\u0103m\u00e2n\u0103.<br>Mai multe detalii despre echipa din B\u0103neasa, antrenorul s\u0103u \u0219i regulamentul competi\u021biei \u00eentr-un material viitor.<\/p>\n","protected":false},"excerpt":{"rendered":"<p>Calificare de senza\u021bie pentru UAT B\u0103neasa. Campioana jude\u021bului Giurgiu \u00een competi\u021bia \u201eCupa Satelor\u201d, rezervat\u0103 juniorilor sub 13 an, merge la turneul final!Echipa antrenat\u0103 de profesorul Adrian Dinu a reu\u0219it s\u0103 \u00eenving\u0103 \u00een finala fazei zonale pe UAT Ulmeni, campioana jude\u021bului C\u0103l\u0103ra\u0219i, dup\u0103 executarea loviturilor de departajare.Interesant este faptul c\u0103 \u0219i anul trecut cele dou\u0103 forma\u021bii [&hellip;]<\/p>\n","protected":false},"author":4,"featured_media":6116,"comment_status":"closed","ping_status":"open","sticky":false,"template":"","format":"standard","meta":{"footnotes":""},"categories":[11,13,23],"tags":[],"class_list":["post-6113","post","type-post","status-publish","format-standard","has-post-thumbnail","hentry","category-jurnale-tv","category-sport","category-stiri"],"_links":{"self":[{"href":"https:\/\/tvgiurgiu.ro\/index.php\/wp-json\/wp\/v2\/posts\/6113","targetHints":{"allow":["GET"]}}],"collection":[{"href":"https:\/\/tvgiurgiu.ro\/index.php\/wp-json\/wp\/v2\/posts"}],"about":[{"href":"https:\/\/tvgiurgiu.ro\/index.php\/wp-json\/wp\/v2\/types\/post"}],"author":[{"embeddable":true,"href":"https:\/\/tvgiurgiu.ro\/index.php\/wp-json\/wp\/v2\/users\/4"}],"replies":[{"embeddable":true,"href":"https:\/\/tvgiurgiu.ro\/index.php\/wp-json\/wp\/v2\/comments?post=6113"}],"version-history":[{"count":0,"href":"https:\/\/tvgiurgiu.ro\/index.php\/wp-json\/wp\/v2\/posts\/6113\/revisions"}],"wp:featuredmedia":[{"embeddable":true,"href":"https:\/\/tvgiurgiu.ro\/index.php\/wp-json\/wp\/v2\/media\/6116"}],"wp:attachment":[{"href":"https:\/\/tvgiurgiu.ro\/index.php\/wp-json\/wp\/v2\/media?parent=6113"}],"wp:term":[{"taxonomy":"category","embeddable":true,"href":"https:\/\/tvgiurgiu.ro\/index.php\/wp-json\/wp\/v2\/categories?post=6113"},{"taxonomy":"post_tag","embeddable":true,"href":"https:\/\/tvgiurgiu.ro\/index.php\/wp-json\/wp\/v2\/tags?post=6113"}],"curies":[{"name":"wp","href":"https:\/\/api.w.org\/{rel}","templated":true}]}}