{"id":738,"date":"2020-11-24T12:44:20","date_gmt":"2020-11-24T12:44:20","guid":{"rendered":"https:\/\/tvgiurgiu.ro\/?p=738"},"modified":"2020-11-24T12:44:20","modified_gmt":"2020-11-24T12:44:20","slug":"licitatie-centrul-de-afaceri-giurgiu","status":"publish","type":"post","link":"https:\/\/tvgiurgiu.ro\/index.php\/2020\/11\/24\/licitatie-centrul-de-afaceri-giurgiu\/","title":{"rendered":"Licita\u0163ie &#8211; Centrul de Afaceri Giurgiu"},"content":{"rendered":"<p>Direc\u021bia Administrare Active din Proiecte cu Finan\u021bare European\u0103 Giurgiu organizeaz\u0103 \u00een data de 07.12.2020 \u00eencepand cu ora 12<strong>\u00b0\u00b0, <\/strong>la sediul Centrului de Afaceri din Giurgiu, bd-ul Bucure\u0219ti, nr.57, licita\u0163ie public\u0103 deschis\u0103 cu strigare pentru \u00eenchirierea, pe o perioada cuprins\u0103 \u00eentre o lun\u0103 \u0219i 5 ani, a urm\u0103toarelor spa\u021bii din incinta Centrului de Afaceri aflat \u00een Giurgiu, Bucure\u0219ti, nr.57:<\/p>\n<ol>\n<li><strong> Camer\u0103 suprafa\u021b\u0103 11,42 mp, Parter <\/strong><\/li>\n<\/ol>\n<p><strong>Utilit\u0103\u021bi asigurate pentru \u00eenchirierea spatiului:<\/strong><\/p>\n<ul>\n<li>ap\u0103-canal (spa\u021bii comune)<\/li>\n<li>gunoi<\/li>\n<li>internet<\/li>\n<li>servicii de cur\u0103\u021benie \u00een spa\u021biile comune<\/li>\n<\/ul>\n<p>\u00cenchirierea spa\u021biilor se va face \u00een conformitate cu Regulamentul privind organizarea \u015fi func\u0163ionarea Centrului de Afaceri din cadrul Direc\u021biei Administrare Active din Proiecte cu Finan\u021bare European\u0103 Giurgiu, aprobat prin H.C.L.M nr. 166 \/24.04.2019.<\/p>\n<p>Documenta\u0163ia de licita\u021bie este pus\u0103 la dispozi\u021bie la sediul Centrului de Afaceri \u00eencep\u00e2nd cu data de 24.11.2020, iar ofertele pot fi depuse p\u00e2n\u0103 la data de 04.12.2020<strong>, <\/strong>ora 14\u00ba\u00ba.<\/p>\n<p>Informa\u0163ii suplimentare pot fi ob\u0163inute la adresa de e-mail:<\/p>\n<p><a href=\"mailto:adinfondurieuropene@yahoo.com\">adinfondurieuropene@yahoo.com<\/a>.<\/p>\n","protected":false},"excerpt":{"rendered":"<p>Direc\u021bia Administrare Active din Proiecte cu Finan\u021bare European\u0103 Giurgiu organizeaz\u0103 \u00een data de 07.12.2020 \u00eencepand cu ora 12\u00b0\u00b0, la sediul Centrului de Afaceri din Giurgiu, bd-ul Bucure\u0219ti, nr.57, licita\u0163ie public\u0103 deschis\u0103 cu strigare pentru \u00eenchirierea, pe o perioada cuprins\u0103 \u00eentre o lun\u0103 \u0219i 5 ani, a urm\u0103toarelor spa\u021bii din incinta Centrului de Afaceri aflat \u00een [&hellip;]<\/p>\n","protected":false},"author":1,"featured_media":739,"comment_status":"open","ping_status":"open","sticky":false,"template":"","format":"standard","meta":{"footnotes":""},"categories":[23],"tags":[],"class_list":["post-738","post","type-post","status-publish","format-standard","has-post-thumbnail","hentry","category-stiri"],"_links":{"self":[{"href":"https:\/\/tvgiurgiu.ro\/index.php\/wp-json\/wp\/v2\/posts\/738","targetHints":{"allow":["GET"]}}],"collection":[{"href":"https:\/\/tvgiurgiu.ro\/index.php\/wp-json\/wp\/v2\/posts"}],"about":[{"href":"https:\/\/tvgiurgiu.ro\/index.php\/wp-json\/wp\/v2\/types\/post"}],"author":[{"embeddable":true,"href":"https:\/\/tvgiurgiu.ro\/index.php\/wp-json\/wp\/v2\/users\/1"}],"replies":[{"embeddable":true,"href":"https:\/\/tvgiurgiu.ro\/index.php\/wp-json\/wp\/v2\/comments?post=738"}],"version-history":[{"count":0,"href":"https:\/\/tvgiurgiu.ro\/index.php\/wp-json\/wp\/v2\/posts\/738\/revisions"}],"wp:featuredmedia":[{"embeddable":true,"href":"https:\/\/tvgiurgiu.ro\/index.php\/wp-json\/wp\/v2\/media\/739"}],"wp:attachment":[{"href":"https:\/\/tvgiurgiu.ro\/index.php\/wp-json\/wp\/v2\/media?parent=738"}],"wp:term":[{"taxonomy":"category","embeddable":true,"href":"https:\/\/tvgiurgiu.ro\/index.php\/wp-json\/wp\/v2\/categories?post=738"},{"taxonomy":"post_tag","embeddable":true,"href":"https:\/\/tvgiurgiu.ro\/index.php\/wp-json\/wp\/v2\/tags?post=738"}],"curies":[{"name":"wp","href":"https:\/\/api.w.org\/{rel}","templated":true}]}}