{"id":771,"date":"2020-11-25T07:46:58","date_gmt":"2020-11-25T07:46:58","guid":{"rendered":"https:\/\/tvgiurgiu.ro\/?p=771"},"modified":"2020-11-25T07:46:58","modified_gmt":"2020-11-25T07:46:58","slug":"pnl-cere-dezbaterea-de-urgenta-a-legii-pensiilor-speciale","status":"publish","type":"post","link":"https:\/\/tvgiurgiu.ro\/index.php\/2020\/11\/25\/pnl-cere-dezbaterea-de-urgenta-a-legii-pensiilor-speciale\/","title":{"rendered":"PNL cere dezbaterea de urgen\u021b\u0103 a legii pensiilor speciale"},"content":{"rendered":"<p>Partidul Na\u021bional Liberal solicit\u0103 dezbaterea \u00een regim de urgen\u021b\u0103 a ini\u021biativei legislative de abrogare a pensiilor speciale ale parlamentarilor. Florin Roman, liderul deputa\u021bilor liberali sus\u021bine c\u0103 ,,partidul nostru a solicitat dezbaterea \u00een regim de urgen\u021b\u0103 a ini\u021biativei legislative care prevede abrogarea pensiilor speciale ale parlamentarilor\u201d.<\/p>\n<p>Din punctul de vedere al PNL, \u201dsingura solu\u021bie pentru eliminarea pensiilor speciale ale parlamentarilor o reprezint\u0103 abrogarea capitolului XI din statutul senatorilor \u0219i deputa\u021bilor. Azi am depus o solicitare de convocare a Birourilor Permanente Reunite la ora 10:00, a\u0219tept\u0103m s\u0103 trimit\u0103 la comisia de statut proiectul PNL, care e blocat din luna iunie, pentru a fi dezb\u0103tut \u0219i votat azi \u00een plen. PNL a depus ini\u021biativa \u00een luna mai. Tot azi solicit\u0103m tuturor partidelor s\u0103 sus\u021bin\u0103 solicitarea PNL \u0219i s\u0103 d\u0103m un vot \u00een comisie \u0219i \u00een plen pentru abrogarea acestor indemniza\u021bii. Aceste privilegii au fost introduce prin\u00a0 lege\u0219i nu pot fi eliminate dec\u00e2t prin lege.&#8221;<\/p>\n<p>PNL sus\u021bine c\u0103 Marcel Ciolacu d\u0103 dovad\u0103 de populism \u0219i ipocrizie prin afirma\u021bia c\u0103 va pierde pensia special\u0103 dac\u0103 va demisiona din Parlament \u00een ultima zi de mandat.<\/p>\n<p>\u00cen primul r\u00e2nd, neterminarea mandatului nu conduce la pierderea pensiei speciale, scrie foarte clar \u020bn legea ini\u0163iat\u0103 \u015fi votat\u0103 chiar de pesedi\u015ftii lui Marcel Ciolacu, Legea nr. 357\/2015. Asta \u020bl face pe Ciolacu un populist mincinos.<\/p>\n<p>\u00cen al doilea r\u00e2nd, numele lui Marcel Ciolacu apare pe lista ini\u021biatorilor proiectului de lege privind pensile speciale ale parlamentarilor. Semn\u0103tura lui Marcel Ciolacu pe proiectul de lege se reg\u0103se\u0219te la pozi\u021bia 75.<\/p>\n<p>Concluzia, CIOLACU = IPOCRIT<\/p>\n<p>Iat\u0103 ce scria, printre altele, \u00een motivarea proiectului de lege semnat\u0103 \u0219i de Marcel Ciolacu : ,,La momentul \u00eemplinirii v\u00e2rstei standard de pensionare, deputa\u021bii \u0219i senatorii au dreptul la indemniza\u021bie pentru limit\u0103 de v\u00e2rst\u0103 ca un drept firesc, echitabil \u0219i compensatoriu pentru perioada de activitate parlamentar\u0103.\u201d<\/p>\n<p>O dovad\u0103 a faptului c\u0103 Parlamentul pl\u0103te\u015fte pensii speciale pentru mandate incomplete este cea mai mic\u0103 pensie primit\u0103 de c\u0103tre un parlamentar, 2883 de lei\/lun\u0103, pl\u0103tit\u0103 pentru un mandate incomplet de doar 28 de luni. Informa\u021bia apare \u00eentr-o adres\u0103 oficial\u0103 a Senatului Rom\u00e2niei cu num\u0103rul 234\/A din 31.01.2020.<\/p>\n","protected":false},"excerpt":{"rendered":"<p>Partidul Na\u021bional Liberal solicit\u0103 dezbaterea \u00een regim de urgen\u021b\u0103 a ini\u021biativei legislative de abrogare a pensiilor speciale ale parlamentarilor. Florin Roman, liderul deputa\u021bilor liberali sus\u021bine c\u0103 ,,partidul nostru a solicitat dezbaterea \u00een regim de urgen\u021b\u0103 a ini\u021biativei legislative care prevede abrogarea pensiilor speciale ale parlamentarilor\u201d. Din punctul de vedere al PNL, \u201dsingura solu\u021bie pentru eliminarea [&hellip;]<\/p>\n","protected":false},"author":1,"featured_media":772,"comment_status":"open","ping_status":"open","sticky":false,"template":"","format":"standard","meta":{"footnotes":""},"categories":[2,6],"tags":[],"class_list":["post-771","post","type-post","status-publish","format-standard","has-post-thumbnail","hentry","category-actualitate","category-politic"],"_links":{"self":[{"href":"https:\/\/tvgiurgiu.ro\/index.php\/wp-json\/wp\/v2\/posts\/771","targetHints":{"allow":["GET"]}}],"collection":[{"href":"https:\/\/tvgiurgiu.ro\/index.php\/wp-json\/wp\/v2\/posts"}],"about":[{"href":"https:\/\/tvgiurgiu.ro\/index.php\/wp-json\/wp\/v2\/types\/post"}],"author":[{"embeddable":true,"href":"https:\/\/tvgiurgiu.ro\/index.php\/wp-json\/wp\/v2\/users\/1"}],"replies":[{"embeddable":true,"href":"https:\/\/tvgiurgiu.ro\/index.php\/wp-json\/wp\/v2\/comments?post=771"}],"version-history":[{"count":0,"href":"https:\/\/tvgiurgiu.ro\/index.php\/wp-json\/wp\/v2\/posts\/771\/revisions"}],"wp:featuredmedia":[{"embeddable":true,"href":"https:\/\/tvgiurgiu.ro\/index.php\/wp-json\/wp\/v2\/media\/772"}],"wp:attachment":[{"href":"https:\/\/tvgiurgiu.ro\/index.php\/wp-json\/wp\/v2\/media?parent=771"}],"wp:term":[{"taxonomy":"category","embeddable":true,"href":"https:\/\/tvgiurgiu.ro\/index.php\/wp-json\/wp\/v2\/categories?post=771"},{"taxonomy":"post_tag","embeddable":true,"href":"https:\/\/tvgiurgiu.ro\/index.php\/wp-json\/wp\/v2\/tags?post=771"}],"curies":[{"name":"wp","href":"https:\/\/api.w.org\/{rel}","templated":true}]}}