{"id":979,"date":"2020-12-01T10:15:19","date_gmt":"2020-12-01T10:15:19","guid":{"rendered":"https:\/\/tvgiurgiu.ro\/?p=979"},"modified":"2020-12-01T10:15:19","modified_gmt":"2020-12-01T10:15:19","slug":"ramas-bun-nea-georgica-2","status":"publish","type":"post","link":"https:\/\/tvgiurgiu.ro\/index.php\/2020\/12\/01\/ramas-bun-nea-georgica-2\/","title":{"rendered":"R\u0103mas-bun, nea Georgic\u0103"},"content":{"rendered":"<p>Duminic\u0103 noapte, inima lui Gheorghe Ioan a \u00eencetat s\u0103 mai bat\u0103. Avea 98<br \/>\nde ani pe care \u00eei \u00eemplinise \u00een var\u0103.<br \/>\nNea Georgic\u0103, a\u0219a cum \u00eei spuneau prietenii, a avut o via\u021b\u0103 parc\u0103 rupt\u0103 din<br \/>\nfilme.<br \/>\nR\u0103mas orfan de tat\u0103 pe c\u00e2nd era doar un copil, a optat pentru o carier\u0103<br \/>\nmilitar\u0103 pentru a sc\u0103pa de s\u0103r\u0103cie.<br \/>\nDestinul avea \u00eens\u0103 alte planuri cu el. A f\u0103cut parte dintr-o genera\u021bie<br \/>\ntrimis\u0103 la \u0219colarizare \u00een Germania \u00eentr-o vreme \u00een care eram alia\u021bii<br \/>\nnem\u021bilor.<br \/>\nLa \u00eent\u00e2lnit de dou\u0103 ori pe Hitler, ajung\u00e2nd ulterior \u0219i pe front. Devenit<br \/>\nprizonier dup\u0103 ce Rom\u00e2nia a \u00eentors armele \u00eempotriva Germaniei a fost<br \/>\nplimbat prin trei lag\u0103re de fo\u0219tii camarazi \u0219i a evadat pentru a nu fi<br \/>\ndeportat \u00een Siberia de Armata Sovietic\u0103 eliberatoare.<br \/>\nAjuns acas\u0103, a devenit du\u0219man al poporului dup\u0103 instalarea regimului<br \/>\ncomunist.<br \/>\nSupravegheat \u0219i schingiuit de Securitate vreme de 38 de ani, a reu\u0219it s\u0103 \u00ee\u0219i<br \/>\np\u0103streze verticalitatea.<br \/>\nDup\u0103 Revolu\u021bie \u0219i-a reg\u0103sit fo\u0219tii camarazi austrieci \u0219i germani cu care a<br \/>\n\u00eenceput s\u0103 corespondeze.<\/p>\n<p>\u0218i-a transformat casa \u00een muzeu, tapet\u00e2ndu-i pere\u021bii cu fotografii \u0219i h\u0103r\u021bi,<br \/>\n\u00eencep\u00e2nd totodat\u0103 s\u0103 \u00ee\u0219i scrie memoriile.<br \/>\nR\u0103mas tot mai singur, aproape orb \u0219i cu dureri teribile la \u0219old, nea<br \/>\nGeorgic\u0103 ne-a p\u0103r\u0103sit discret, urm\u00e2nd s\u0103 fie \u00eenmorm\u00e2ntat mar\u021bi diminea\u021b\u0103<br \/>\nla cimitirul Sm\u00e2rda.<br \/>\nEchipa TV Giurgiu a avut onoarea s\u0103 stea de vorb\u0103 cu Gheorghe Ioan \u0219i<br \/>\ns\u0103 v\u0103 ofere o parte din amintirile sale extraordinare.<br \/>\nDumnezeu s\u0103 te ierte \u0219i s\u0103 aib\u0103 grij\u0103 de sufletul t\u0103u, nea Georgic\u0103!<\/p>\n<p><strong>Bogdan VLADU<\/strong><\/p>\n","protected":false},"excerpt":{"rendered":"<p>Duminic\u0103 noapte, inima lui Gheorghe Ioan a \u00eencetat s\u0103 mai bat\u0103. Avea 98 de ani pe care \u00eei \u00eemplinise \u00een var\u0103. Nea Georgic\u0103, a\u0219a cum \u00eei spuneau prietenii, a avut o via\u021b\u0103 parc\u0103 rupt\u0103 din filme. R\u0103mas orfan de tat\u0103 pe c\u00e2nd era doar un copil, a optat pentru o carier\u0103 militar\u0103 pentru a sc\u0103pa [&hellip;]<\/p>\n","protected":false},"author":1,"featured_media":980,"comment_status":"open","ping_status":"open","sticky":false,"template":"","format":"standard","meta":{"footnotes":""},"categories":[2],"tags":[],"class_list":["post-979","post","type-post","status-publish","format-standard","has-post-thumbnail","hentry","category-actualitate"],"_links":{"self":[{"href":"https:\/\/tvgiurgiu.ro\/index.php\/wp-json\/wp\/v2\/posts\/979","targetHints":{"allow":["GET"]}}],"collection":[{"href":"https:\/\/tvgiurgiu.ro\/index.php\/wp-json\/wp\/v2\/posts"}],"about":[{"href":"https:\/\/tvgiurgiu.ro\/index.php\/wp-json\/wp\/v2\/types\/post"}],"author":[{"embeddable":true,"href":"https:\/\/tvgiurgiu.ro\/index.php\/wp-json\/wp\/v2\/users\/1"}],"replies":[{"embeddable":true,"href":"https:\/\/tvgiurgiu.ro\/index.php\/wp-json\/wp\/v2\/comments?post=979"}],"version-history":[{"count":0,"href":"https:\/\/tvgiurgiu.ro\/index.php\/wp-json\/wp\/v2\/posts\/979\/revisions"}],"wp:featuredmedia":[{"embeddable":true,"href":"https:\/\/tvgiurgiu.ro\/index.php\/wp-json\/wp\/v2\/media\/980"}],"wp:attachment":[{"href":"https:\/\/tvgiurgiu.ro\/index.php\/wp-json\/wp\/v2\/media?parent=979"}],"wp:term":[{"taxonomy":"category","embeddable":true,"href":"https:\/\/tvgiurgiu.ro\/index.php\/wp-json\/wp\/v2\/categories?post=979"},{"taxonomy":"post_tag","embeddable":true,"href":"https:\/\/tvgiurgiu.ro\/index.php\/wp-json\/wp\/v2\/tags?post=979"}],"curies":[{"name":"wp","href":"https:\/\/api.w.org\/{rel}","templated":true}]}}