{"id":1004,"count":1,"description":"","link":"https:\/\/tvgiurgiu.ro\/index.php\/tag\/doua-luni-de-primavara-culturala\/","name":"Dou\u0103 luni de \u201eprim\u0103var\u0103 cultural\u0103\u201d","slug":"doua-luni-de-primavara-culturala","taxonomy":"post_tag","meta":[],"_links":{"self":[{"href":"https:\/\/tvgiurgiu.ro\/index.php\/wp-json\/wp\/v2\/tags\/1004","targetHints":{"allow":["GET"]}}],"collection":[{"href":"https:\/\/tvgiurgiu.ro\/index.php\/wp-json\/wp\/v2\/tags"}],"about":[{"href":"https:\/\/tvgiurgiu.ro\/index.php\/wp-json\/wp\/v2\/taxonomies\/post_tag"}],"wp:post_type":[{"href":"https:\/\/tvgiurgiu.ro\/index.php\/wp-json\/wp\/v2\/posts?tags=1004"}],"curies":[{"name":"wp","href":"https:\/\/api.w.org\/{rel}","templated":true}]}}