{"id":1218,"count":1,"description":"","link":"https:\/\/tvgiurgiu.ro\/index.php\/tag\/si-ei-vor-sa-devina-politisti\/","name":"\u015ei ei vor s\u0103 devin\u0103 poli\u0163i\u015fti","slug":"si-ei-vor-sa-devina-politisti","taxonomy":"post_tag","meta":[],"_links":{"self":[{"href":"https:\/\/tvgiurgiu.ro\/index.php\/wp-json\/wp\/v2\/tags\/1218","targetHints":{"allow":["GET"]}}],"collection":[{"href":"https:\/\/tvgiurgiu.ro\/index.php\/wp-json\/wp\/v2\/tags"}],"about":[{"href":"https:\/\/tvgiurgiu.ro\/index.php\/wp-json\/wp\/v2\/taxonomies\/post_tag"}],"wp:post_type":[{"href":"https:\/\/tvgiurgiu.ro\/index.php\/wp-json\/wp\/v2\/posts?tags=1218"}],"curies":[{"name":"wp","href":"https:\/\/api.w.org\/{rel}","templated":true}]}}