{"id":1641,"count":1,"description":"","link":"https:\/\/tvgiurgiu.ro\/index.php\/tag\/taierea-capului-sfantului-ioan-botezatorul\/","name":"T\u0103ierea Capului Sf\u00e2ntului Ioan Botez\u0103torul","slug":"taierea-capului-sfantului-ioan-botezatorul","taxonomy":"post_tag","meta":[],"_links":{"self":[{"href":"https:\/\/tvgiurgiu.ro\/index.php\/wp-json\/wp\/v2\/tags\/1641","targetHints":{"allow":["GET"]}}],"collection":[{"href":"https:\/\/tvgiurgiu.ro\/index.php\/wp-json\/wp\/v2\/tags"}],"about":[{"href":"https:\/\/tvgiurgiu.ro\/index.php\/wp-json\/wp\/v2\/taxonomies\/post_tag"}],"wp:post_type":[{"href":"https:\/\/tvgiurgiu.ro\/index.php\/wp-json\/wp\/v2\/posts?tags=1641"}],"curies":[{"name":"wp","href":"https:\/\/api.w.org\/{rel}","templated":true}]}}