{"id":2009,"count":1,"description":"","link":"https:\/\/tvgiurgiu.ro\/index.php\/tag\/autoutilitara-in-flacari-la-vlasin\/","name":"Autoutilitar\u0103 \u00een fl\u0103c\u0103ri la Vla\u0219in","slug":"autoutilitara-in-flacari-la-vlasin","taxonomy":"post_tag","meta":[],"_links":{"self":[{"href":"https:\/\/tvgiurgiu.ro\/index.php\/wp-json\/wp\/v2\/tags\/2009","targetHints":{"allow":["GET"]}}],"collection":[{"href":"https:\/\/tvgiurgiu.ro\/index.php\/wp-json\/wp\/v2\/tags"}],"about":[{"href":"https:\/\/tvgiurgiu.ro\/index.php\/wp-json\/wp\/v2\/taxonomies\/post_tag"}],"wp:post_type":[{"href":"https:\/\/tvgiurgiu.ro\/index.php\/wp-json\/wp\/v2\/posts?tags=2009"}],"curies":[{"name":"wp","href":"https:\/\/api.w.org\/{rel}","templated":true}]}}