{"id":2492,"count":1,"description":"","link":"https:\/\/tvgiurgiu.ro\/index.php\/tag\/migranti-ascunsi-intr-un-microbuz-si-o-persoana-urmarita-international\/","name":"Migran\u021bi ascun\u0219i \u00eentr-un microbuz \u0219i o persoan\u0103 urm\u0103rit\u0103 interna\u021bional","slug":"migranti-ascunsi-intr-un-microbuz-si-o-persoana-urmarita-international","taxonomy":"post_tag","meta":[],"_links":{"self":[{"href":"https:\/\/tvgiurgiu.ro\/index.php\/wp-json\/wp\/v2\/tags\/2492","targetHints":{"allow":["GET"]}}],"collection":[{"href":"https:\/\/tvgiurgiu.ro\/index.php\/wp-json\/wp\/v2\/tags"}],"about":[{"href":"https:\/\/tvgiurgiu.ro\/index.php\/wp-json\/wp\/v2\/taxonomies\/post_tag"}],"wp:post_type":[{"href":"https:\/\/tvgiurgiu.ro\/index.php\/wp-json\/wp\/v2\/posts?tags=2492"}],"curies":[{"name":"wp","href":"https:\/\/api.w.org\/{rel}","templated":true}]}}