{"id":2559,"count":1,"description":"","link":"https:\/\/tvgiurgiu.ro\/index.php\/tag\/focar-de-pesta-porcina-africana-confirmat-la-buturugeni\/","name":"Focar de pest\u0103 porcin\u0103 african\u0103 confirmat la Buturugeni.","slug":"focar-de-pesta-porcina-africana-confirmat-la-buturugeni","taxonomy":"post_tag","meta":[],"_links":{"self":[{"href":"https:\/\/tvgiurgiu.ro\/index.php\/wp-json\/wp\/v2\/tags\/2559","targetHints":{"allow":["GET"]}}],"collection":[{"href":"https:\/\/tvgiurgiu.ro\/index.php\/wp-json\/wp\/v2\/tags"}],"about":[{"href":"https:\/\/tvgiurgiu.ro\/index.php\/wp-json\/wp\/v2\/taxonomies\/post_tag"}],"wp:post_type":[{"href":"https:\/\/tvgiurgiu.ro\/index.php\/wp-json\/wp\/v2\/posts?tags=2559"}],"curies":[{"name":"wp","href":"https:\/\/api.w.org\/{rel}","templated":true}]}}